{"@context":{"dc":"http:\/\/purl.org\/dc\/elements\/1.1\/","skos":"http:\/\/www.w3.org\/2004\/02\/skos\/core#","skos:broader":{"@type":"@id"},"skos:inScheme":{"@type":"@id"},"skos:related":{"@type":"@id"},"skos:narrower":{"@type":"@id"},"skos:hasTopConcept":{"@type":"@id"},"skos:topConceptOf":{"@type":"@id"}},"@id":"https:\/\/adm.senado.leg.br\/vcb\/vocab\/skos\/4687","@type":"skos:Concept","skos:prefLabel":{"@language":"pt-BR","@value=":"Express\u00e3o corporal"},"skos:inScheme":"https:\/\/adm.senado.leg.br\/vcb\/vocab\/","dct:created":"2020-09-18 17:43:12","skos:scopeNote":[{"@lang":"pt-BR","@value":"Usado para obras que tratam da comunica\u00e7\u00e3o n\u00e3o-lingu\u00edstica em rela\u00e7\u00f5es interpessoais, transmitindo emo\u00e7\u00f5es, atitudes, status social, etc. por meios como o contato visual, express\u00e3o facial, uso de espa\u00e7o pessoal, gestos ou postura. (BN) "}],"skos:broader":["https:\/\/adm.senado.leg.br\/vcb\/vocab\/skos\/6256","https:\/\/adm.senado.leg.br\/vcb\/vocab\/skos\/8050"],"skos:altLabel":[{"language":"pt-BR","value":"Linguagem corporal"}],"skos:related":["https:\/\/adm.senado.leg.br\/vcb\/vocab\/skos\/3473","https:\/\/adm.senado.leg.br\/vcb\/vocab\/skos\/3401"]}