{"@context":{"dc":"http:\/\/purl.org\/dc\/elements\/1.1\/","skos":"http:\/\/www.w3.org\/2004\/02\/skos\/core#","skos:broader":{"@type":"@id"},"skos:inScheme":{"@type":"@id"},"skos:related":{"@type":"@id"},"skos:narrower":{"@type":"@id"},"skos:hasTopConcept":{"@type":"@id"},"skos:topConceptOf":{"@type":"@id"}},"@id":"https:\/\/adm.senado.leg.br\/vcb\/vocab\/skos\/47","@type":"skos:Concept","skos:prefLabel":{"@language":"pt-BR","@value=":"Fam\u00edlia"},"skos:inScheme":"https:\/\/adm.senado.leg.br\/vcb\/vocab\/","dct:created":"2020-09-18 17:42:56","skos:scopeNote":[{"@lang":"pt-BR","@value":"Indica no\u00e7\u00e3o gen\u00e9rica. Para obras sobre fam\u00edlias espec\u00edficas, indexar no campo de assunto pessoal (600). Ex.: Matarazzo, Fam\u00edlia. "}],"skos:definition":[{"@lang":"ab","@value":"Unidade nuclear composta por um ou mais indiv\u00edduos que contribuem para o seu rendimento ou t\u00eam suas despesas por ela atendidas e abrange todas as esp\u00e9cies reconhecidas pelo ordenamento jur\u00eddico brasileiro, incluindo-se nestas a fam\u00edlia unipessoal.$vBRASIL. Lei n. 11.977, de 7 de julho de 2009. "}],"skos:narrower":["https:\/\/adm.senado.leg.br\/vcb\/vocab\/skos\/8396","https:\/\/adm.senado.leg.br\/vcb\/vocab\/skos\/14887","https:\/\/adm.senado.leg.br\/vcb\/vocab\/skos\/28405","https:\/\/adm.senado.leg.br\/vcb\/vocab\/skos\/29748","https:\/\/adm.senado.leg.br\/vcb\/vocab\/skos\/29749","https:\/\/adm.senado.leg.br\/vcb\/vocab\/skos\/14888","https:\/\/adm.senado.leg.br\/vcb\/vocab\/skos\/19","https:\/\/adm.senado.leg.br\/vcb\/vocab\/skos\/14889"],"skos:broader":["https:\/\/adm.senado.leg.br\/vcb\/vocab\/skos\/8115","https:\/\/adm.senado.leg.br\/vcb\/vocab\/skos\/15893"],"skos:altLabel":[{"language":"pt-BR","value":"Grupo familiar"}],"skos:related":["https:\/\/adm.senado.leg.br\/vcb\/vocab\/skos\/44","https:\/\/adm.senado.leg.br\/vcb\/vocab\/skos\/198","https:\/\/adm.senado.leg.br\/vcb\/vocab\/skos\/3631","https:\/\/adm.senado.leg.br\/vcb\/vocab\/skos\/612","https:\/\/adm.senado.leg.br\/vcb\/vocab\/skos\/45","https:\/\/adm.senado.leg.br\/vcb\/vocab\/skos\/6366","https:\/\/adm.senado.leg.br\/vcb\/vocab\/skos\/7187","https:\/\/adm.senado.leg.br\/vcb\/vocab\/skos\/2159","https:\/\/adm.senado.leg.br\/vcb\/vocab\/skos\/14884","https:\/\/adm.senado.leg.br\/vcb\/vocab\/skos\/12700","https:\/\/adm.senado.leg.br\/vcb\/vocab\/skos\/14885","https:\/\/adm.senado.leg.br\/vcb\/vocab\/skos\/190","https:\/\/adm.senado.leg.br\/vcb\/vocab\/skos\/21","https:\/\/adm.senado.leg.br\/vcb\/vocab\/skos\/1724","https:\/\/adm.senado.leg.br\/vcb\/vocab\/skos\/1589","https:\/\/adm.senado.leg.br\/vcb\/vocab\/skos\/5063","https:\/\/adm.senado.leg.br\/vcb\/vocab\/skos\/14886","https:\/\/adm.senado.leg.br\/vcb\/vocab\/skos\/29584"]}