{"@context":{"dc":"http:\/\/purl.org\/dc\/elements\/1.1\/","skos":"http:\/\/www.w3.org\/2004\/02\/skos\/core#","skos:broader":{"@type":"@id"},"skos:inScheme":{"@type":"@id"},"skos:related":{"@type":"@id"},"skos:narrower":{"@type":"@id"},"skos:hasTopConcept":{"@type":"@id"},"skos:topConceptOf":{"@type":"@id"}},"@id":"https:\/\/adm.senado.leg.br\/vcb\/vocab\/skos\/4714","@type":"skos:Concept","skos:prefLabel":{"@language":"pt-BR","@value=":"Energia"},"skos:inScheme":"https:\/\/adm.senado.leg.br\/vcb\/vocab\/","dct:created":"2020-09-18 17:43:12","skos:definition":[{"@lang":"ab","@value":"Propriedade de um sistema que lhe permite realizar trabalho. A energia pode ter v\u00e1rias formas (calor\u00edfica, cin\u00e9tica, el\u00e9trica, eletromagn\u00e9tica, mec\u00e2nica, potencial, qu\u00edmica, radiante), transform\u00e1veis umas nas outras, e cada uma capaz de provocar fen\u00f4menos bem determinados e caracter\u00edsticos nos sistemas f\u00edsicos. Em todas as transforma\u00e7\u00f5es de energia h\u00e1 completa conserva\u00e7\u00e3o dela, i. e., a energia n\u00e3o pode ser criada, mas apenas transformada (primeiro princ\u00edpio da termodin\u00e2mica). A massa de um corpo pode-se transformar em energia, e a energia sob forma radiante pode transformar-se em um corp\u00fasculo com massa.$vENERGIA. In: AUR\u00c9LIO On-line. Positivo Inform\u00e1tica, 2010. "}],"skos:narrower":["https:\/\/adm.senado.leg.br\/vcb\/vocab\/skos\/7621","https:\/\/adm.senado.leg.br\/vcb\/vocab\/skos\/1563","https:\/\/adm.senado.leg.br\/vcb\/vocab\/skos\/13094","https:\/\/adm.senado.leg.br\/vcb\/vocab\/skos\/13095","https:\/\/adm.senado.leg.br\/vcb\/vocab\/skos\/1755","https:\/\/adm.senado.leg.br\/vcb\/vocab\/skos\/28425","https:\/\/adm.senado.leg.br\/vcb\/vocab\/skos\/12816","https:\/\/adm.senado.leg.br\/vcb\/vocab\/skos\/3134","https:\/\/adm.senado.leg.br\/vcb\/vocab\/skos\/13096","https:\/\/adm.senado.leg.br\/vcb\/vocab\/skos\/13097","https:\/\/adm.senado.leg.br\/vcb\/vocab\/skos\/13098","https:\/\/adm.senado.leg.br\/vcb\/vocab\/skos\/6329","https:\/\/adm.senado.leg.br\/vcb\/vocab\/skos\/13099"],"skos:broader":["https:\/\/adm.senado.leg.br\/vcb\/vocab\/skos\/6942"],"skos:related":["https:\/\/adm.senado.leg.br\/vcb\/vocab\/skos\/4711","https:\/\/adm.senado.leg.br\/vcb\/vocab\/skos\/4713","https:\/\/adm.senado.leg.br\/vcb\/vocab\/skos\/8574","https:\/\/adm.senado.leg.br\/vcb\/vocab\/skos\/8578","https:\/\/adm.senado.leg.br\/vcb\/vocab\/skos\/1720","https:\/\/adm.senado.leg.br\/vcb\/vocab\/skos\/5311","https:\/\/adm.senado.leg.br\/vcb\/vocab\/skos\/10623","https:\/\/adm.senado.leg.br\/vcb\/vocab\/skos\/4716","https:\/\/adm.senado.leg.br\/vcb\/vocab\/skos\/4718","https:\/\/adm.senado.leg.br\/vcb\/vocab\/skos\/13093"]}