{"@context":{"dc":"http:\/\/purl.org\/dc\/elements\/1.1\/","skos":"http:\/\/www.w3.org\/2004\/02\/skos\/core#","skos:broader":{"@type":"@id"},"skos:inScheme":{"@type":"@id"},"skos:related":{"@type":"@id"},"skos:narrower":{"@type":"@id"},"skos:hasTopConcept":{"@type":"@id"},"skos:topConceptOf":{"@type":"@id"}},"@id":"https:\/\/adm.senado.leg.br\/vcb\/vocab\/skos\/472","@type":"skos:Concept","skos:prefLabel":{"@language":"pt-BR","@value=":"Filho ileg\u00edtimo"},"skos:inScheme":"https:\/\/adm.senado.leg.br\/vcb\/vocab\/","dct:created":"2020-09-18 17:42:57","skos:editorialNote":[{"@lang":"ab","@value":"342.1632 "}],"skos:narrower":["https:\/\/adm.senado.leg.br\/vcb\/vocab\/skos\/15066","https:\/\/adm.senado.leg.br\/vcb\/vocab\/skos\/15072"],"skos:broader":["https:\/\/adm.senado.leg.br\/vcb\/vocab\/skos\/15061"],"skos:altLabel":[{"language":"pt-BR","value":"Filho bastardo"},{"language":"pt-BR","value":"Filia\u00e7\u00e3o ileg\u00edtima"}],"skos:related":["https:\/\/adm.senado.leg.br\/vcb\/vocab\/skos\/544","https:\/\/adm.senado.leg.br\/vcb\/vocab\/skos\/468","https:\/\/adm.senado.leg.br\/vcb\/vocab\/skos\/15070","https:\/\/adm.senado.leg.br\/vcb\/vocab\/skos\/15071","https:\/\/adm.senado.leg.br\/vcb\/vocab\/skos\/474","https:\/\/adm.senado.leg.br\/vcb\/vocab\/skos\/11522","https:\/\/adm.senado.leg.br\/vcb\/vocab\/skos\/475"]}