{"@context":{"dc":"http:\/\/purl.org\/dc\/elements\/1.1\/","skos":"http:\/\/www.w3.org\/2004\/02\/skos\/core#","skos:broader":{"@type":"@id"},"skos:inScheme":{"@type":"@id"},"skos:related":{"@type":"@id"},"skos:narrower":{"@type":"@id"},"skos:hasTopConcept":{"@type":"@id"},"skos:topConceptOf":{"@type":"@id"}},"@id":"https:\/\/adm.senado.leg.br\/vcb\/vocab\/skos\/4730","@type":"skos:Concept","skos:prefLabel":{"@language":"pt-BR","@value=":"Qualifica\u00e7\u00e3o econ\u00f4mico-financeira"},"skos:inScheme":"https:\/\/adm.senado.leg.br\/vcb\/vocab\/","dct:created":"2020-09-18 17:43:12","skos:definition":[{"@lang":"ab","@value":"Capacidade ou possibilidade de a empresa suportar os encargos econ\u00f4micos referentes \u00e0 realiza\u00e7\u00e3o do objeto do contrato, qualifica\u00e7\u00e3o que dever\u00e1 ser demonstrada pelo licitante, objetivamente, na fase de habilita\u00e7\u00e3o, para que seja admitido como participante do certame, o que comprovar\u00e1 pela exibi\u00e7\u00e3o do \u00faltimo balan\u00e7o cont\u00e1bil da empresa, no qual se caracterize, de modo pleno, sua situa\u00e7\u00e3o de solv\u00eancia, diante dos cr\u00e9ditos existentes e dos compromissos assumidos, bem como diante do faturamento.$vCRETELLA J\u00daNIOR, Jos\u00e9. Dicion\u00e1rio das Licita\u00e7\u00f5es P\u00fablicas "}],"skos:altLabel":[{"language":"pt-BR","value":"Capacidade econ\u00f4mico-financeira"},{"language":"pt-BR","value":"Capacita\u00e7\u00e3o econ\u00f4mico-financeira"},{"language":"pt-BR","value":"Habilita\u00e7\u00e3o econ\u00f4mico financeira"},{"language":"pt-BR","value":"Habilita\u00e7\u00e3o econ\u00f4mico-financeira"},{"language":"pt-BR","value":"Idoneidade financeira"},{"language":"pt-BR","value":"Qualifica\u00e7\u00e3o econ\u00f4mico financeira"}],"skos:related":["https:\/\/adm.senado.leg.br\/vcb\/vocab\/skos\/3988","https:\/\/adm.senado.leg.br\/vcb\/vocab\/skos\/245","https:\/\/adm.senado.leg.br\/vcb\/vocab\/skos\/5798","https:\/\/adm.senado.leg.br\/vcb\/vocab\/skos\/19739"]}