{"@context":{"dc":"http:\/\/purl.org\/dc\/elements\/1.1\/","skos":"http:\/\/www.w3.org\/2004\/02\/skos\/core#","skos:broader":{"@type":"@id"},"skos:inScheme":{"@type":"@id"},"skos:related":{"@type":"@id"},"skos:narrower":{"@type":"@id"},"skos:hasTopConcept":{"@type":"@id"},"skos:topConceptOf":{"@type":"@id"}},"@id":"https:\/\/adm.senado.leg.br\/vcb\/vocab\/skos\/4829","@type":"skos:Concept","skos:prefLabel":{"@language":"pt-BR","@value=":"Deporta\u00e7\u00e3o"},"skos:inScheme":"https:\/\/adm.senado.leg.br\/vcb\/vocab\/","dct:created":"2020-09-18 17:43:13","skos:definition":[{"@lang":"ab","@value":"A deporta\u00e7\u00e3o ser\u00e1 aplicada nas hip\u00f3teses de entrada ou estada irregular de estrangeiros no territ\u00f3rio nacional. \u00c9 de provid\u00eancia imediata do Departamento de Pol\u00edcia Federal e consiste na retirada do estrangeiro que desatender \u00e0 notifica\u00e7\u00e3o pr\u00e9via de deixar o Pa\u00eds. A deporta\u00e7\u00e3o n\u00e3o impede o retorno do estrangeiro no territ\u00f3rio nacional, desde que o Tesouro Nacional seja ressarcido das despesas efetuadas com a medida, satisfeita, ainda, o recolhimento de eventual multa imposta.$vBRASIL. Minist\u00e9rio da Justi\u00e7a. Estrangeiros. "}],"skos:editorialNote":[{"@lang":"ab","@value":"341.143 "}],"skos:broader":["https:\/\/adm.senado.leg.br\/vcb\/vocab\/skos\/10741"],"skos:altLabel":[{"language":"pt-BR","value":"Estrangeiro, deporta\u00e7\u00e3o"},{"language":"pt-BR","value":"Inadmiss\u00e3o"}],"skos:related":["https:\/\/adm.senado.leg.br\/vcb\/vocab\/skos\/4826","https:\/\/adm.senado.leg.br\/vcb\/vocab\/skos\/10573","https:\/\/adm.senado.leg.br\/vcb\/vocab\/skos\/3524","https:\/\/adm.senado.leg.br\/vcb\/vocab\/skos\/10738","https:\/\/adm.senado.leg.br\/vcb\/vocab\/skos\/9257","https:\/\/adm.senado.leg.br\/vcb\/vocab\/skos\/9258","https:\/\/adm.senado.leg.br\/vcb\/vocab\/skos\/28218","https:\/\/adm.senado.leg.br\/vcb\/vocab\/skos\/4830","https:\/\/adm.senado.leg.br\/vcb\/vocab\/skos\/9692","https:\/\/adm.senado.leg.br\/vcb\/vocab\/skos\/9693","https:\/\/adm.senado.leg.br\/vcb\/vocab\/skos\/9259","https:\/\/adm.senado.leg.br\/vcb\/vocab\/skos\/9260","https:\/\/adm.senado.leg.br\/vcb\/vocab\/skos\/10739","https:\/\/adm.senado.leg.br\/vcb\/vocab\/skos\/10740"]}