{"@context":{"dc":"http:\/\/purl.org\/dc\/elements\/1.1\/","skos":"http:\/\/www.w3.org\/2004\/02\/skos\/core#","skos:broader":{"@type":"@id"},"skos:inScheme":{"@type":"@id"},"skos:related":{"@type":"@id"},"skos:narrower":{"@type":"@id"},"skos:hasTopConcept":{"@type":"@id"},"skos:topConceptOf":{"@type":"@id"}},"@id":"https:\/\/adm.senado.leg.br\/vcb\/vocab\/skos\/4831","@type":"skos:Concept","skos:prefLabel":{"@language":"pt-BR","@value=":"Interdi\u00e7\u00e3o tempor\u00e1ria de direitos"},"skos:inScheme":"https:\/\/adm.senado.leg.br\/vcb\/vocab\/","dct:created":"2020-09-18 17:43:13","skos:definition":[{"@lang":"ab","@value":"Pena prevista no artigo 47 do C\u00f3digo Penal do Brasil, inlcuindo:\u00a0I - proibi\u00e7\u00e3o do exerc\u00edcio de cargo, fun\u00e7\u00e3o ou atividade p\u00fablica, bem como de mandato eletivo; II - proibi\u00e7\u00e3o do exerc\u00edcio de profiss\u00e3o, atividade ou of\u00edcio que dependam de habilita\u00e7\u00e3o especial, de licen\u00e7a ou autoriza\u00e7\u00e3o do poder p\u00fablico; III - suspens\u00e3o de autoriza\u00e7\u00e3o ou de habilita\u00e7\u00e3o para dirigir ve\u00edculo; IV - proibi\u00e7\u00e3o de frequentar determinados lugares; V - proibi\u00e7\u00e3o de inscrever-se em concurso, avalia\u00e7\u00e3o ou exame p\u00fablicos. "}],"skos:editorialNote":[{"@lang":"ab","@value":"341.544 "}],"skos:narrower":["https:\/\/adm.senado.leg.br\/vcb\/vocab\/skos\/4826","https:\/\/adm.senado.leg.br\/vcb\/vocab\/skos\/20801"],"skos:broader":["https:\/\/adm.senado.leg.br\/vcb\/vocab\/skos\/593","https:\/\/adm.senado.leg.br\/vcb\/vocab\/skos\/19762"],"skos:altLabel":[{"language":"pt-BR","value":"Interdi\u00e7\u00e3o de direito"},{"language":"pt-BR","value":"Interdi\u00e7\u00e3o de direitos"},{"language":"pt-BR","value":"Pena de interdi\u00e7\u00e3o de direito"}]}