{"@context":{"dc":"http:\/\/purl.org\/dc\/elements\/1.1\/","skos":"http:\/\/www.w3.org\/2004\/02\/skos\/core#","skos:broader":{"@type":"@id"},"skos:inScheme":{"@type":"@id"},"skos:related":{"@type":"@id"},"skos:narrower":{"@type":"@id"},"skos:hasTopConcept":{"@type":"@id"},"skos:topConceptOf":{"@type":"@id"}},"@id":"https:\/\/adm.senado.leg.br\/vcb\/vocab\/skos\/489","@type":"skos:Concept","skos:prefLabel":{"@language":"pt-BR","@value=":"Presta\u00e7\u00e3o de contas"},"skos:inScheme":"https:\/\/adm.senado.leg.br\/vcb\/vocab\/","dct:created":"2020-09-18 17:42:57","skos:definition":[{"@lang":"pt-BR","@value":"Demonstrativo organizado pelo pr\u00f3prio agente, entidade ou pessoa designada, acompanhado ou n\u00e3o de documentos comprobat\u00f3rios das opera\u00e7\u00f5es de receita e despesa, os quais, se aprovados pelo Ordenador de Despesa, integrar\u00e3o a sua tomada de contas; \u00e9 tamb\u00e9m o levantamento organizado pelo Servi\u00e7o de Contabilidade das entidades da Administra\u00e7\u00e3o Indireta, inclusive das Funda\u00e7\u00f5es institu\u00eddas pelo Poder P\u00fablico.$vCGU. Portal da Transpar\u00eancia. Gloss\u00e1rio. "},{"@lang":"pt-BR","@value":"Instrumento de gest\u00e3o p\u00fablica mediante o qual os administradores e, quando apropriado, os respons\u00e1veis pela governan\u00e7a e pelos atos de gest\u00e3o de \u00f3rg\u00e3os, entidades ou fundos dos poderes da Uni\u00e3o apresentam e divulgam informa\u00e7\u00f5es e an\u00e1lises quantitativas e qualitativas dos resultados da gest\u00e3o or\u00e7ament\u00e1ria, financeira, operacional e patrimonial do exerc\u00edcio, com vistas ao controle social e ao controle institucional previsto nos artigos 70, 71 e 74 da Constitui\u00e7\u00e3o Federal.$vBRASIL. Tribunal de Contas da Uni\u00e3o. Instru\u00e7\u00e3o Normativa n. 84, de 22 de abril de 2020 "}],"skos:altLabel":[{"language":"pt-BR","value":"Accountability"},{"language":"pt-BR","value":"Presta\u00e7\u00e3o de contas na Administra\u00e7\u00e3o P\u00fablica"},{"language":"pt-BR","value":"Presta\u00e7\u00e3o de contas p\u00fablicas"}],"skos:related":["https:\/\/adm.senado.leg.br\/vcb\/vocab\/skos\/488","https:\/\/adm.senado.leg.br\/vcb\/vocab\/skos\/619","https:\/\/adm.senado.leg.br\/vcb\/vocab\/skos\/3969","https:\/\/adm.senado.leg.br\/vcb\/vocab\/skos\/8787","https:\/\/adm.senado.leg.br\/vcb\/vocab\/skos\/8806","https:\/\/adm.senado.leg.br\/vcb\/vocab\/skos\/8807","https:\/\/adm.senado.leg.br\/vcb\/vocab\/skos\/8815","https:\/\/adm.senado.leg.br\/vcb\/vocab\/skos\/8817","https:\/\/adm.senado.leg.br\/vcb\/vocab\/skos\/917","https:\/\/adm.senado.leg.br\/vcb\/vocab\/skos\/683","https:\/\/adm.senado.leg.br\/vcb\/vocab\/skos\/9294","https:\/\/adm.senado.leg.br\/vcb\/vocab\/skos\/19229","https:\/\/adm.senado.leg.br\/vcb\/vocab\/skos\/8346","https:\/\/adm.senado.leg.br\/vcb\/vocab\/skos\/5961","https:\/\/adm.senado.leg.br\/vcb\/vocab\/skos\/14942","https:\/\/adm.senado.leg.br\/vcb\/vocab\/skos\/8805","https:\/\/adm.senado.leg.br\/vcb\/vocab\/skos\/8814","https:\/\/adm.senado.leg.br\/vcb\/vocab\/skos\/1238","https:\/\/adm.senado.leg.br\/vcb\/vocab\/skos\/12752","https:\/\/adm.senado.leg.br\/vcb\/vocab\/skos\/22444","https:\/\/adm.senado.leg.br\/vcb\/vocab\/skos\/8793","https:\/\/adm.senado.leg.br\/vcb\/vocab\/skos\/8795","https:\/\/adm.senado.leg.br\/vcb\/vocab\/skos\/22445"]}