{"@context":{"dc":"http:\/\/purl.org\/dc\/elements\/1.1\/","skos":"http:\/\/www.w3.org\/2004\/02\/skos\/core#","skos:broader":{"@type":"@id"},"skos:inScheme":{"@type":"@id"},"skos:related":{"@type":"@id"},"skos:narrower":{"@type":"@id"},"skos:hasTopConcept":{"@type":"@id"},"skos:topConceptOf":{"@type":"@id"}},"@id":"https:\/\/adm.senado.leg.br\/vcb\/vocab\/skos\/500","@type":"skos:Concept","skos:prefLabel":{"@language":"pt-BR","@value=":"Argui\u00e7\u00e3o de descumprimento de preceito fundamental"},"skos:inScheme":"https:\/\/adm.senado.leg.br\/vcb\/vocab\/","dct:created":"2020-09-18 17:42:57","skos:definition":[{"@lang":"pt-BR","@value":"A\u00e7\u00e3o ajuizada no Supremo Tribunal Federal: (i) para evitar ou reparar les\u00e3o a preceito fundamental, resultante de ato do Poder P\u00fablico; ou (ii) quando for relevante o fundamento da controv\u00e9rsia constitucional sobre lei ou ato normativo federal, estadual ou municipal, inclu\u00eddos os anteriores \u00e0 Constitui\u00e7\u00e3o. O uso da ADPF \u00e9 subsidi\u00e1rio: ela tem cabimento quando n\u00e3o for o caso de ADI, ADC ou ADO.$uhttps:\/\/www12.senado.leg.br\/manualdecomunicacao\/guia-juridico\/arguicao-de-descumprimento-de-preceito-fundamental-adpf "}],"skos:editorialNote":[{"@lang":"ab","@value":"341.206 "}],"skos:broader":["https:\/\/adm.senado.leg.br\/vcb\/vocab\/skos\/503"],"skos:altLabel":[{"language":"pt-BR","value":"A\u00e7\u00e3o de descumprimento de preceito fundamental"},{"language":"pt-BR","value":"ADPF"}],"skos:related":["https:\/\/adm.senado.leg.br\/vcb\/vocab\/skos\/498","https:\/\/adm.senado.leg.br\/vcb\/vocab\/skos\/499","https:\/\/adm.senado.leg.br\/vcb\/vocab\/skos\/501","https:\/\/adm.senado.leg.br\/vcb\/vocab\/skos\/517","https:\/\/adm.senado.leg.br\/vcb\/vocab\/skos\/518"]}