{"@context":{"dc":"http:\/\/purl.org\/dc\/elements\/1.1\/","skos":"http:\/\/www.w3.org\/2004\/02\/skos\/core#","skos:broader":{"@type":"@id"},"skos:inScheme":{"@type":"@id"},"skos:related":{"@type":"@id"},"skos:narrower":{"@type":"@id"},"skos:hasTopConcept":{"@type":"@id"},"skos:topConceptOf":{"@type":"@id"}},"@id":"https:\/\/adm.senado.leg.br\/vcb\/vocab\/skos\/5019","@type":"skos:Concept","skos:prefLabel":{"@language":"pt-BR","@value=":"Per\u00edodo de car\u00eancia"},"skos:inScheme":"https:\/\/adm.senado.leg.br\/vcb\/vocab\/","dct:created":"2020-09-18 17:43:14","skos:definition":[{"@lang":"ab","@value":"N\u00famero m\u00ednimo de contribui\u00e7\u00f5es mensais indispens\u00e1veis para que o benefici\u00e1rio fa\u00e7a jus ao benef\u00edcio, consideradas a partir do transcurso do primeiro dia dos meses de suas compet\u00eancias.$vBRASIL. Lei 8.213, de 24 de julho de 1991. "}],"skos:editorialNote":[{"@lang":"ab","@value":"341.62351 "}],"skos:broader":["https:\/\/adm.senado.leg.br\/vcb\/vocab\/skos\/401"],"skos:altLabel":[{"language":"pt-BR","value":"Car\u00eancia"}],"skos:related":["https:\/\/adm.senado.leg.br\/vcb\/vocab\/skos\/5016","https:\/\/adm.senado.leg.br\/vcb\/vocab\/skos\/3743","https:\/\/adm.senado.leg.br\/vcb\/vocab\/skos\/2875","https:\/\/adm.senado.leg.br\/vcb\/vocab\/skos\/3801","https:\/\/adm.senado.leg.br\/vcb\/vocab\/skos\/2005"]}