{"@context":{"dc":"http:\/\/purl.org\/dc\/elements\/1.1\/","skos":"http:\/\/www.w3.org\/2004\/02\/skos\/core#","skos:broader":{"@type":"@id"},"skos:inScheme":{"@type":"@id"},"skos:related":{"@type":"@id"},"skos:narrower":{"@type":"@id"},"skos:hasTopConcept":{"@type":"@id"},"skos:topConceptOf":{"@type":"@id"}},"@id":"https:\/\/adm.senado.leg.br\/vcb\/vocab\/skos\/503","@type":"skos:Concept","skos:prefLabel":{"@language":"pt-BR","@value=":"Controle de constitucionalidade"},"skos:inScheme":"https:\/\/adm.senado.leg.br\/vcb\/vocab\/","dct:created":"2020-09-18 17:42:57","skos:definition":[{"@lang":"ab","@value":"Verifica\u00e7\u00e3o da adequa\u00e7\u00e3o de um ato jur\u00eddico (particularmente da lei) \u00e0 Constitui\u00e7\u00e3o. Envolve a verifica\u00e7\u00e3o tanto dos requisitos formais - subjetivos, como a compet\u00eancia do \u00f3rg\u00e3o que o editou - objetivos, como a forma, os prazos, o rito, observados em sua edi\u00e7\u00e3o - quanto dos requisitos substanciais - respeito aos direitos e \u00e0s garantias consagrados na Constitui\u00e7\u00e3o - de constitucionalidade do ato jur\u00eddico$vFerreira Filho, Manoel Gon\u00e7alves. Constitui\u00e7\u00e3o e governabilidade "}],"skos:editorialNote":[{"@lang":"ab","@value":"341.202 "}],"skos:narrower":["https:\/\/adm.senado.leg.br\/vcb\/vocab\/skos\/498","https:\/\/adm.senado.leg.br\/vcb\/vocab\/skos\/499","https:\/\/adm.senado.leg.br\/vcb\/vocab\/skos\/500","https:\/\/adm.senado.leg.br\/vcb\/vocab\/skos\/513","https:\/\/adm.senado.leg.br\/vcb\/vocab\/skos\/9152","https:\/\/adm.senado.leg.br\/vcb\/vocab\/skos\/515","https:\/\/adm.senado.leg.br\/vcb\/vocab\/skos\/6391","https:\/\/adm.senado.leg.br\/vcb\/vocab\/skos\/370","https:\/\/adm.senado.leg.br\/vcb\/vocab\/skos\/8626","https:\/\/adm.senado.leg.br\/vcb\/vocab\/skos\/8627","https:\/\/adm.senado.leg.br\/vcb\/vocab\/skos\/9272","https:\/\/adm.senado.leg.br\/vcb\/vocab\/skos\/516","https:\/\/adm.senado.leg.br\/vcb\/vocab\/skos\/27512","https:\/\/adm.senado.leg.br\/vcb\/vocab\/skos\/519"],"skos:broader":["https:\/\/adm.senado.leg.br\/vcb\/vocab\/skos\/2802"],"skos:altLabel":[{"language":"pt-BR","value":"Controle da constitucionalidade"},{"language":"pt-BR","value":"Fiscaliza\u00e7\u00e3o da constitucionalidade"},{"language":"pt-BR","value":"Recurso de inconstitucionalidade"}],"skos:related":["https:\/\/adm.senado.leg.br\/vcb\/vocab\/skos\/6390","https:\/\/adm.senado.leg.br\/vcb\/vocab\/skos\/501","https:\/\/adm.senado.leg.br\/vcb\/vocab\/skos\/9176","https:\/\/adm.senado.leg.br\/vcb\/vocab\/skos\/502","https:\/\/adm.senado.leg.br\/vcb\/vocab\/skos\/517","https:\/\/adm.senado.leg.br\/vcb\/vocab\/skos\/11750","https:\/\/adm.senado.leg.br\/vcb\/vocab\/skos\/520"]}