{"@context":{"dc":"http:\/\/purl.org\/dc\/elements\/1.1\/","skos":"http:\/\/www.w3.org\/2004\/02\/skos\/core#","skos:broader":{"@type":"@id"},"skos:inScheme":{"@type":"@id"},"skos:related":{"@type":"@id"},"skos:narrower":{"@type":"@id"},"skos:hasTopConcept":{"@type":"@id"},"skos:topConceptOf":{"@type":"@id"}},"@id":"https:\/\/adm.senado.leg.br\/vcb\/vocab\/skos\/5038","@type":"skos:Concept","skos:prefLabel":{"@language":"pt-BR","@value=":"Licen\u00e7a maternidade"},"skos:inScheme":"https:\/\/adm.senado.leg.br\/vcb\/vocab\/","dct:created":"2020-09-18 17:43:14","skos:editorialNote":[{"@lang":"ab","@value":"341.3384 "},{"@lang":"ab","@value":"342.655 "}],"skos:broader":["https:\/\/adm.senado.leg.br\/vcb\/vocab\/skos\/176","https:\/\/adm.senado.leg.br\/vcb\/vocab\/skos\/166","https:\/\/adm.senado.leg.br\/vcb\/vocab\/skos\/19678"],"skos:altLabel":[{"language":"pt-BR","value":"Licen\u00e7a \u00e0 gestante"},{"language":"pt-BR","value":"Licen\u00e7a-gestante"},{"language":"pt-BR","value":"Licen\u00e7a-maternidade"}],"skos:related":["https:\/\/adm.senado.leg.br\/vcb\/vocab\/skos\/19680","https:\/\/adm.senado.leg.br\/vcb\/vocab\/skos\/17","https:\/\/adm.senado.leg.br\/vcb\/vocab\/skos\/202","https:\/\/adm.senado.leg.br\/vcb\/vocab\/skos\/11386"]}