{"@context":{"dc":"http:\/\/purl.org\/dc\/elements\/1.1\/","skos":"http:\/\/www.w3.org\/2004\/02\/skos\/core#","skos:broader":{"@type":"@id"},"skos:inScheme":{"@type":"@id"},"skos:related":{"@type":"@id"},"skos:narrower":{"@type":"@id"},"skos:hasTopConcept":{"@type":"@id"},"skos:topConceptOf":{"@type":"@id"}},"@id":"https:\/\/adm.senado.leg.br\/vcb\/vocab\/skos\/5057","@type":"skos:Concept","skos:prefLabel":{"@language":"pt-BR","@value=":"Declara\u00e7\u00e3o de bens"},"skos:inScheme":"https:\/\/adm.senado.leg.br\/vcb\/vocab\/","dct:created":"2020-09-18 17:43:14","skos:definition":[{"@lang":"ab","@value":"Declara\u00e7\u00e3o pormenorizada de bens m\u00f3veis e im\u00f3veis que constituem patrim\u00f4nio da pessoa f\u00edsica. "}],"skos:editorialNote":[{"@lang":"ab","@value":"341.39 "}],"skos:related":["https:\/\/adm.senado.leg.br\/vcb\/vocab\/skos\/2011","https:\/\/adm.senado.leg.br\/vcb\/vocab\/skos\/10442","https:\/\/adm.senado.leg.br\/vcb\/vocab\/skos\/5061","https:\/\/adm.senado.leg.br\/vcb\/vocab\/skos\/10353"]}