{"@context":{"dc":"http:\/\/purl.org\/dc\/elements\/1.1\/","skos":"http:\/\/www.w3.org\/2004\/02\/skos\/core#","skos:broader":{"@type":"@id"},"skos:inScheme":{"@type":"@id"},"skos:related":{"@type":"@id"},"skos:narrower":{"@type":"@id"},"skos:hasTopConcept":{"@type":"@id"},"skos:topConceptOf":{"@type":"@id"}},"@id":"https:\/\/adm.senado.leg.br\/vcb\/vocab\/skos\/5060","@type":"skos:Concept","skos:prefLabel":{"@language":"pt-BR","@value=":"Indisponibilidade de bens"},"skos:inScheme":"https:\/\/adm.senado.leg.br\/vcb\/vocab\/","dct:created":"2020-09-18 17:43:14","skos:definition":[{"@lang":"ab","@value":"Medida cautelar que \u201ctem n\u00edtido car\u00e1ter preventivo, j\u00e1 que tem por objetivo acautelar os interesses do er\u00e1rio durante a apura\u00e7\u00e3o dos fatos, evitando a dilapida\u00e7\u00e3o, a transfer\u00eancia ou oculta\u00e7\u00e3o dos bens, que tornariam imposs\u00edvel o ressarcimento do dano\"$vDI PIETRO, Maria Sylvia Zanella. Direito administrativo "}],"skos:broader":["https:\/\/adm.senado.leg.br\/vcb\/vocab\/skos\/593"],"skos:altLabel":[{"language":"pt-BR","value":"Indisponibilidade"},{"language":"pt-BR","value":"Indisponibilidade dos bens"}],"skos:related":["https:\/\/adm.senado.leg.br\/vcb\/vocab\/skos\/2011","https:\/\/adm.senado.leg.br\/vcb\/vocab\/skos\/5114","https:\/\/adm.senado.leg.br\/vcb\/vocab\/skos\/9513","https:\/\/adm.senado.leg.br\/vcb\/vocab\/skos\/16485","https:\/\/adm.senado.leg.br\/vcb\/vocab\/skos\/16522","https:\/\/adm.senado.leg.br\/vcb\/vocab\/skos\/5136"]}