{"@context":{"dc":"http:\/\/purl.org\/dc\/elements\/1.1\/","skos":"http:\/\/www.w3.org\/2004\/02\/skos\/core#","skos:broader":{"@type":"@id"},"skos:inScheme":{"@type":"@id"},"skos:related":{"@type":"@id"},"skos:narrower":{"@type":"@id"},"skos:hasTopConcept":{"@type":"@id"},"skos:topConceptOf":{"@type":"@id"}},"@id":"https:\/\/adm.senado.leg.br\/vcb\/vocab\/skos\/5063","@type":"skos:Concept","skos:prefLabel":{"@language":"pt-BR","@value=":"Uni\u00e3o est\u00e1vel"},"skos:inScheme":"https:\/\/adm.senado.leg.br\/vcb\/vocab\/","dct:created":"2020-09-18 17:43:14","skos:definition":[{"@lang":"ab","@value":"Entidade familiar proveniente da conviv\u00eancia duradoura, p\u00fablica e cont\u00ednua de um homem e uma mulher estabelecida com o objetivo de constitui\u00e7\u00e3o de fam\u00edlia (Lei n. 9278\/96 art. 1). "}],"skos:editorialNote":[{"@lang":"ab","@value":"342.162841 "}],"skos:broader":["https:\/\/adm.senado.leg.br\/vcb\/vocab\/skos\/1336","https:\/\/adm.senado.leg.br\/vcb\/vocab\/skos\/6372"],"skos:altLabel":[{"language":"pt-BR","value":"Casamento por comportamento"},{"language":"pt-BR","value":"Conviv\u00eancia"},{"language":"pt-BR","value":"Fam\u00edlia informal"},{"language":"pt-BR","value":"Fam\u00edlia sem casamento"},{"language":"pt-BR","value":"Uni\u00e3o est\u00e1vel livre"},{"language":"pt-BR","value":"Uni\u00e3o livre"}],"skos:related":["https:\/\/adm.senado.leg.br\/vcb\/vocab\/skos\/2011","https:\/\/adm.senado.leg.br\/vcb\/vocab\/skos\/6365","https:\/\/adm.senado.leg.br\/vcb\/vocab\/skos\/45","https:\/\/adm.senado.leg.br\/vcb\/vocab\/skos\/7774","https:\/\/adm.senado.leg.br\/vcb\/vocab\/skos\/8974","https:\/\/adm.senado.leg.br\/vcb\/vocab\/skos\/8976","https:\/\/adm.senado.leg.br\/vcb\/vocab\/skos\/47","https:\/\/adm.senado.leg.br\/vcb\/vocab\/skos\/6368","https:\/\/adm.senado.leg.br\/vcb\/vocab\/skos\/6371","https:\/\/adm.senado.leg.br\/vcb\/vocab\/skos\/8263"]}