{"@context":{"dc":"http:\/\/purl.org\/dc\/elements\/1.1\/","skos":"http:\/\/www.w3.org\/2004\/02\/skos\/core#","skos:broader":{"@type":"@id"},"skos:inScheme":{"@type":"@id"},"skos:related":{"@type":"@id"},"skos:narrower":{"@type":"@id"},"skos:hasTopConcept":{"@type":"@id"},"skos:topConceptOf":{"@type":"@id"}},"@id":"https:\/\/adm.senado.leg.br\/vcb\/vocab\/skos\/5107","@type":"skos:Concept","skos:prefLabel":{"@language":"pt-BR","@value=":"Demarca\u00e7\u00e3o urban\u00edstica"},"skos:inScheme":"https:\/\/adm.senado.leg.br\/vcb\/vocab\/","dct:created":"2020-09-18 17:43:14","skos:definition":[{"@lang":"ab","@value":"Procedimento administrativo pelo qual o poder p\u00fablico, no \u00e2mbito da regulariza\u00e7\u00e3o fundi\u00e1ria de interesse social, demarca im\u00f3vel de dom\u00ednio p\u00fablico ou privado, definindo seus limites, \u00e1rea, localiza\u00e7\u00e3o e confrontantes, com a finalidade de identificar seus ocupantes e qualificar a natureza e o tempo das respectivas posses.$vBRASIL. Lei n. 11.977, de 7 de julho de 2009. "}],"skos:broader":["https:\/\/adm.senado.leg.br\/vcb\/vocab\/skos\/448"],"skos:related":["https:\/\/adm.senado.leg.br\/vcb\/vocab\/skos\/27","https:\/\/adm.senado.leg.br\/vcb\/vocab\/skos\/8505","https:\/\/adm.senado.leg.br\/vcb\/vocab\/skos\/5109","https:\/\/adm.senado.leg.br\/vcb\/vocab\/skos\/10635","https:\/\/adm.senado.leg.br\/vcb\/vocab\/skos\/3582"]}