{"@context":{"dc":"http:\/\/purl.org\/dc\/elements\/1.1\/","skos":"http:\/\/www.w3.org\/2004\/02\/skos\/core#","skos:broader":{"@type":"@id"},"skos:inScheme":{"@type":"@id"},"skos:related":{"@type":"@id"},"skos:narrower":{"@type":"@id"},"skos:hasTopConcept":{"@type":"@id"},"skos:topConceptOf":{"@type":"@id"}},"@id":"https:\/\/adm.senado.leg.br\/vcb\/vocab\/skos\/5109","@type":"skos:Concept","skos:prefLabel":{"@language":"pt-BR","@value=":"Legitima\u00e7\u00e3o de posse"},"skos:inScheme":"https:\/\/adm.senado.leg.br\/vcb\/vocab\/","dct:created":"2020-09-18 17:43:14","skos:definition":[{"@lang":"ab","@value":"Ato do poder p\u00fablico destinado a conferir t\u00edtulo de reconhecimento de posse de im\u00f3vel objeto de demarca\u00e7\u00e3o urban\u00edstica, com a identifica\u00e7\u00e3o do ocupante e do tempo e natureza da posse.$vBRASIL. Lei n. 11.977, de 7 de julho de 2009. "}],"skos:related":["https:\/\/adm.senado.leg.br\/vcb\/vocab\/skos\/27","https:\/\/adm.senado.leg.br\/vcb\/vocab\/skos\/5107","https:\/\/adm.senado.leg.br\/vcb\/vocab\/skos\/5059"]}