{"@context":{"dc":"http:\/\/purl.org\/dc\/elements\/1.1\/","skos":"http:\/\/www.w3.org\/2004\/02\/skos\/core#","skos:broader":{"@type":"@id"},"skos:inScheme":{"@type":"@id"},"skos:related":{"@type":"@id"},"skos:narrower":{"@type":"@id"},"skos:hasTopConcept":{"@type":"@id"},"skos:topConceptOf":{"@type":"@id"}},"@id":"https:\/\/adm.senado.leg.br\/vcb\/vocab\/skos\/5133","@type":"skos:Concept","skos:prefLabel":{"@language":"pt-BR","@value=":"Fazenda p\u00fablica"},"skos:inScheme":"https:\/\/adm.senado.leg.br\/vcb\/vocab\/","dct:created":"2020-09-18 17:43:14","skos:definition":[{"@lang":"ab","@value":"Para Leonardo Jos\u00e9 Carneiro da Cunha \"a express\u00e3o Fazenda P\u00fablica identifica-se tradicionalmente como a \u00e1rea da Administra\u00e7\u00e3o P\u00fablica que trata da gest\u00e3o das finan\u00e7as, bem como da fixa\u00e7\u00e3o e implementa\u00e7\u00e3o de pol\u00edticas econ\u00f4micas. Em outras palavras, Fazenda P\u00fablica \u00e9 express\u00e3o que se relaciona com as finan\u00e7as estatais, estando imbricada com o termo Er\u00e1rio, representando o aspecto financeiro do ente p\u00fablico\".$uhttps:\/\/limaviusmars.jusbrasil.com.br\/artigos\/598349083\/o-que-se-entende-por-fazenda-publica "}],"skos:editorialNote":[{"@lang":"ab","@value":"341.38 "}],"skos:broader":["https:\/\/adm.senado.leg.br\/vcb\/vocab\/skos\/1093"],"skos:altLabel":[{"language":"pt-BR","value":"Cofres p\u00fablicos"},{"language":"pt-BR","value":"Er\u00e1rio"},{"language":"pt-BR","value":"Fazenda federal"},{"language":"pt-BR","value":"Fazenda nacional"},{"language":"pt-BR","value":"Tesouro p\u00fablico"}],"skos:related":["https:\/\/adm.senado.leg.br\/vcb\/vocab\/skos\/369","https:\/\/adm.senado.leg.br\/vcb\/vocab\/skos\/9705","https:\/\/adm.senado.leg.br\/vcb\/vocab\/skos\/7783","https:\/\/adm.senado.leg.br\/vcb\/vocab\/skos\/3326","https:\/\/adm.senado.leg.br\/vcb\/vocab\/skos\/14948","https:\/\/adm.senado.leg.br\/vcb\/vocab\/skos\/125","https:\/\/adm.senado.leg.br\/vcb\/vocab\/skos\/5910","https:\/\/adm.senado.leg.br\/vcb\/vocab\/skos\/14949","https:\/\/adm.senado.leg.br\/vcb\/vocab\/skos\/1222"]}