{"@context":{"dc":"http:\/\/purl.org\/dc\/elements\/1.1\/","skos":"http:\/\/www.w3.org\/2004\/02\/skos\/core#","skos:broader":{"@type":"@id"},"skos:inScheme":{"@type":"@id"},"skos:related":{"@type":"@id"},"skos:narrower":{"@type":"@id"},"skos:hasTopConcept":{"@type":"@id"},"skos:topConceptOf":{"@type":"@id"}},"@id":"https:\/\/adm.senado.leg.br\/vcb\/vocab\/skos\/5175","@type":"skos:Concept","skos:prefLabel":{"@language":"pt-BR","@value=":"Padr\u00e3o de comunica\u00e7\u00e3o cient\u00edfica"},"skos:inScheme":"https:\/\/adm.senado.leg.br\/vcb\/vocab\/","dct:created":"2020-09-18 17:43:15","skos:related":["https:\/\/adm.senado.leg.br\/vcb\/vocab\/skos\/2338","https:\/\/adm.senado.leg.br\/vcb\/vocab\/skos\/714","https:\/\/adm.senado.leg.br\/vcb\/vocab\/skos\/8834","https:\/\/adm.senado.leg.br\/vcb\/vocab\/skos\/4458"]}