{"@context":{"dc":"http:\/\/purl.org\/dc\/elements\/1.1\/","skos":"http:\/\/www.w3.org\/2004\/02\/skos\/core#","skos:broader":{"@type":"@id"},"skos:inScheme":{"@type":"@id"},"skos:related":{"@type":"@id"},"skos:narrower":{"@type":"@id"},"skos:hasTopConcept":{"@type":"@id"},"skos:topConceptOf":{"@type":"@id"}},"@id":"https:\/\/adm.senado.leg.br\/vcb\/vocab\/skos\/5345","@type":"skos:Concept","skos:prefLabel":{"@language":"pt-BR","@value=":"Princ\u00edpio da precau\u00e7\u00e3o"},"skos:inScheme":"https:\/\/adm.senado.leg.br\/vcb\/vocab\/","dct:created":"2020-09-18 17:43:16","skos:definition":[{"@lang":"ab","@value":"Garantia contra os riscos potenciais que, de acordo com o estado atual do conhecimento, n\u00e3o podem ser ainda identificados (GODIM, Jos\u00e9 Roberto). "},{"@lang":"ab","@value":"Segundo a Declara\u00e7\u00e3o do Rio\/92 sobre Meio Ambiente e Desenvolvimento Sustent\u00e1vel: Para que o ambiente seja protegido, ser\u00e3o aplicadas pelos Estados, de acordo com as suas capacidades, medidas preventivas. Onde existam amea\u00e7as de riscos s\u00e9rios ou irrevers\u00edveis, n\u00e3o ser\u00e1 utilizada a falta de certeza cient\u00edfica total como raz\u00e3o para o adiamento de medidas eficazes, em termos de custo, para evitar a degrada\u00e7\u00e3o ambiental.$vBRASIL. Minist\u00e9rio do Meio Ambiente. Princ\u00edpio da precau\u00e7\u00e3o. "}],"skos:editorialNote":[{"@lang":"ab","@value":"340.1 "}],"skos:broader":["https:\/\/adm.senado.leg.br\/vcb\/vocab\/skos\/11101"],"skos:altLabel":[{"language":"pt-BR","value":"Regula\u00e7\u00e3o do risco"}],"skos:related":["https:\/\/adm.senado.leg.br\/vcb\/vocab\/skos\/185","https:\/\/adm.senado.leg.br\/vcb\/vocab\/skos\/8209","https:\/\/adm.senado.leg.br\/vcb\/vocab\/skos\/9732","https:\/\/adm.senado.leg.br\/vcb\/vocab\/skos\/1722","https:\/\/adm.senado.leg.br\/vcb\/vocab\/skos\/375","https:\/\/adm.senado.leg.br\/vcb\/vocab\/skos\/6940","https:\/\/adm.senado.leg.br\/vcb\/vocab\/skos\/29653","https:\/\/adm.senado.leg.br\/vcb\/vocab\/skos\/1189","https:\/\/adm.senado.leg.br\/vcb\/vocab\/skos\/7264","https:\/\/adm.senado.leg.br\/vcb\/vocab\/skos\/10820","https:\/\/adm.senado.leg.br\/vcb\/vocab\/skos\/3855"]}