{"@context":{"dc":"http:\/\/purl.org\/dc\/elements\/1.1\/","skos":"http:\/\/www.w3.org\/2004\/02\/skos\/core#","skos:broader":{"@type":"@id"},"skos:inScheme":{"@type":"@id"},"skos:related":{"@type":"@id"},"skos:narrower":{"@type":"@id"},"skos:hasTopConcept":{"@type":"@id"},"skos:topConceptOf":{"@type":"@id"}},"@id":"https:\/\/adm.senado.leg.br\/vcb\/vocab\/skos\/5367","@type":"skos:Concept","skos:prefLabel":{"@language":"pt-BR","@value=":"Embri\u00e3o"},"skos:inScheme":"https:\/\/adm.senado.leg.br\/vcb\/vocab\/","dct:created":"2020-09-18 17:43:16","skos:scopeNote":[{"@lang":"pt-BR","@value":"Para embri\u00e3o humano, considerar aquele das primeiras divis\u00f5es do zigoto at\u00e9 a d\u00e9cima primeira semana de vida intra-uterina. "}],"skos:definition":[{"@lang":"ab","@value":"Est\u00e1gio pr\u00e9 natal do desenvolvimento de mam\u00edferos. Caracteriza-se por r\u00e1pidas modifica\u00e7\u00f5es morfol\u00f3gicas e pela diferencia\u00e7\u00e3o das estruturas b\u00e1sicas (DeCS). "}],"skos:broader":["https:\/\/adm.senado.leg.br\/vcb\/vocab\/skos\/2465"],"skos:related":["https:\/\/adm.senado.leg.br\/vcb\/vocab\/skos\/7344","https:\/\/adm.senado.leg.br\/vcb\/vocab\/skos\/2471","https:\/\/adm.senado.leg.br\/vcb\/vocab\/skos\/12875","https:\/\/adm.senado.leg.br\/vcb\/vocab\/skos\/199","https:\/\/adm.senado.leg.br\/vcb\/vocab\/skos\/10162","https:\/\/adm.senado.leg.br\/vcb\/vocab\/skos\/12876","https:\/\/adm.senado.leg.br\/vcb\/vocab\/skos\/9820"]}