{"@context":{"dc":"http:\/\/purl.org\/dc\/elements\/1.1\/","skos":"http:\/\/www.w3.org\/2004\/02\/skos\/core#","skos:broader":{"@type":"@id"},"skos:inScheme":{"@type":"@id"},"skos:related":{"@type":"@id"},"skos:narrower":{"@type":"@id"},"skos:hasTopConcept":{"@type":"@id"},"skos:topConceptOf":{"@type":"@id"}},"@id":"https:\/\/adm.senado.leg.br\/vcb\/vocab\/skos\/5473","@type":"skos:Concept","skos:prefLabel":{"@language":"pt-BR","@value=":"Lideran\u00e7a parlamentar"},"skos:inScheme":"https:\/\/adm.senado.leg.br\/vcb\/vocab\/","dct:created":"2020-09-18 17:43:17","skos:definition":[{"@lang":"ab","@value":"Composi\u00e7\u00e3o de l\u00edder e vice-l\u00edderes eleitos para condu\u00e7\u00e3o das bancadas parlamentares, sejam elas partid\u00e1rias, de blocos parlamentares, da Maioria ou da Minoria. A lideran\u00e7a do Governo \u00e9 indicada pelo Presidente da Rep\u00fablica.$vGloss\u00e1rio de Termos Legislativos "}],"skos:narrower":["https:\/\/adm.senado.leg.br\/vcb\/vocab\/skos\/26427","https:\/\/adm.senado.leg.br\/vcb\/vocab\/skos\/26428","https:\/\/adm.senado.leg.br\/vcb\/vocab\/skos\/26431","https:\/\/adm.senado.leg.br\/vcb\/vocab\/skos\/19746","https:\/\/adm.senado.leg.br\/vcb\/vocab\/skos\/26430"],"skos:broader":["https:\/\/adm.senado.leg.br\/vcb\/vocab\/skos\/21517"],"skos:related":["https:\/\/adm.senado.leg.br\/vcb\/vocab\/skos\/5470","https:\/\/adm.senado.leg.br\/vcb\/vocab\/skos\/26269","https:\/\/adm.senado.leg.br\/vcb\/vocab\/skos\/1999","https:\/\/adm.senado.leg.br\/vcb\/vocab\/skos\/3564","https:\/\/adm.senado.leg.br\/vcb\/vocab\/skos\/26329","https:\/\/adm.senado.leg.br\/vcb\/vocab\/skos\/5472"]}