{"@context":{"dc":"http:\/\/purl.org\/dc\/elements\/1.1\/","skos":"http:\/\/www.w3.org\/2004\/02\/skos\/core#","skos:broader":{"@type":"@id"},"skos:inScheme":{"@type":"@id"},"skos:related":{"@type":"@id"},"skos:narrower":{"@type":"@id"},"skos:hasTopConcept":{"@type":"@id"},"skos:topConceptOf":{"@type":"@id"}},"@id":"https:\/\/adm.senado.leg.br\/vcb\/vocab\/skos\/5484","@type":"skos:Concept","skos:prefLabel":{"@language":"pt-BR","@value=":"M\u00eddia social"},"skos:inScheme":"https:\/\/adm.senado.leg.br\/vcb\/vocab\/","dct:created":"2020-09-18 17:43:17","skos:scopeNote":[{"@lang":"ab","@value":"Usar para obras sobre as m\u00eddias em que o conte\u00fado \u00e9 criado por usu\u00e1rios individuais na forma de v\u00eddeo, \u00e1udio, texto ou multim\u00eddia que \u00e9 publicado e compartilhado em um ambiente social, como blogs, wikis, podcasts, redes sociais etc. "}],"skos:narrower":["https:\/\/adm.senado.leg.br\/vcb\/vocab\/skos\/23520"],"skos:broader":["https:\/\/adm.senado.leg.br\/vcb\/vocab\/skos\/7036"],"skos:altLabel":[{"language":"pt-BR","value":"M\u00eddia gerada pelo usu\u00e1rio"}],"skos:related":["https:\/\/adm.senado.leg.br\/vcb\/vocab\/skos\/5477"]}