{"@context":{"dc":"http:\/\/purl.org\/dc\/elements\/1.1\/","skos":"http:\/\/www.w3.org\/2004\/02\/skos\/core#","skos:broader":{"@type":"@id"},"skos:inScheme":{"@type":"@id"},"skos:related":{"@type":"@id"},"skos:narrower":{"@type":"@id"},"skos:hasTopConcept":{"@type":"@id"},"skos:topConceptOf":{"@type":"@id"}},"@id":"https:\/\/adm.senado.leg.br\/vcb\/vocab\/skos\/5485","@type":"skos:Concept","skos:prefLabel":{"@language":"pt-BR","@value=":"Rede social"},"skos:inScheme":"https:\/\/adm.senado.leg.br\/vcb\/vocab\/","dct:created":"2020-09-18 17:43:17","skos:definition":[{"@lang":"ab","@value":"Conjunto de rela\u00e7\u00f5es que ligam pessoas, posi\u00e7\u00f5es sociais ou outras unidades de an\u00e1lise, como grupos e organiza\u00e7\u00f5es. "},{"@lang":"ab","@value":"Estruturas sociais digitais compostas por pessoas ou organiza\u00e7\u00f5es conectadas por um ou v\u00e1rios tipos de rela\u00e7\u00f5es, que partilham valores e objetivos comuns. "},{"@lang":"ab","@value":"Redes formadas por pessoas que trocam informa\u00e7\u00e3o entre si. "}],"skos:narrower":["https:\/\/adm.senado.leg.br\/vcb\/vocab\/skos\/23520"],"skos:broader":["https:\/\/adm.senado.leg.br\/vcb\/vocab\/skos\/19025","https:\/\/adm.senado.leg.br\/vcb\/vocab\/skos\/1539","https:\/\/adm.senado.leg.br\/vcb\/vocab\/skos\/2270"],"skos:altLabel":[{"language":"pt-BR","value":"Rede organizacional"},{"language":"pt-BR","value":"Redes sociais"}],"skos:related":["https:\/\/adm.senado.leg.br\/vcb\/vocab\/skos\/1638","https:\/\/adm.senado.leg.br\/vcb\/vocab\/skos\/23518","https:\/\/adm.senado.leg.br\/vcb\/vocab\/skos\/5477","https:\/\/adm.senado.leg.br\/vcb\/vocab\/skos\/5730","https:\/\/adm.senado.leg.br\/vcb\/vocab\/skos\/5988","https:\/\/adm.senado.leg.br\/vcb\/vocab\/skos\/714","https:\/\/adm.senado.leg.br\/vcb\/vocab\/skos\/2235","https:\/\/adm.senado.leg.br\/vcb\/vocab\/skos\/5990","https:\/\/adm.senado.leg.br\/vcb\/vocab\/skos\/7548","https:\/\/adm.senado.leg.br\/vcb\/vocab\/skos\/8115","https:\/\/adm.senado.leg.br\/vcb\/vocab\/skos\/2051","https:\/\/adm.senado.leg.br\/vcb\/vocab\/skos\/1144","https:\/\/adm.senado.leg.br\/vcb\/vocab\/skos\/23519","https:\/\/adm.senado.leg.br\/vcb\/vocab\/skos\/730","https:\/\/adm.senado.leg.br\/vcb\/vocab\/skos\/2713"]}