{"@context":{"dc":"http:\/\/purl.org\/dc\/elements\/1.1\/","skos":"http:\/\/www.w3.org\/2004\/02\/skos\/core#","skos:broader":{"@type":"@id"},"skos:inScheme":{"@type":"@id"},"skos:related":{"@type":"@id"},"skos:narrower":{"@type":"@id"},"skos:hasTopConcept":{"@type":"@id"},"skos:topConceptOf":{"@type":"@id"}},"@id":"https:\/\/adm.senado.leg.br\/vcb\/vocab\/skos\/5486","@type":"skos:Concept","skos:prefLabel":{"@language":"pt-BR","@value=":"Bloqueio econ\u00f4mico"},"skos:inScheme":"https:\/\/adm.senado.leg.br\/vcb\/vocab\/","dct:created":"2020-09-18 17:43:17","skos:scopeNote":[{"@lang":"pt-BR","@value":"Usar, tamb\u00e9m, seguido de nomes\/especificadores geogr\u00e1ficos, indicativos das unidades geogr\u00e1ficas que exercem a a\u00e7\u00e3o e que recebem ou sofrem a a\u00e7\u00e3o, respectivamente, quando necess\u00e1rio. Ex.: Bloqueio econ\u00f4mico, Estados Unidos, Cuba. "}],"skos:definition":[{"@lang":"ab","@value":"Proibi\u00e7\u00e3o do com\u00e9rcio e da comercializa\u00e7\u00e3o com um determinado pa\u00eds, como um castigo para os pol\u00edticos, as pol\u00edticas ou atos do pa\u00eds embargado, embora a sua natureza econ\u00f4mica frequentemente levanta d\u00favidas sobre os verdadeiros interesses que a proibi\u00e7\u00e3o serve. "}],"skos:editorialNote":[{"@lang":"ab","@value":"341.165 "}],"skos:broader":["https:\/\/adm.senado.leg.br\/vcb\/vocab\/skos\/5492","https:\/\/adm.senado.leg.br\/vcb\/vocab\/skos\/5491"],"skos:altLabel":[{"language":"pt-BR","value":"Embargo econ\u00f4mico"},{"language":"pt-BR","value":"Embargo no com\u00e9rcio internacional"}],"skos:related":["https:\/\/adm.senado.leg.br\/vcb\/vocab\/skos\/5489","https:\/\/adm.senado.leg.br\/vcb\/vocab\/skos\/5490"]}