{"@context":{"dc":"http:\/\/purl.org\/dc\/elements\/1.1\/","skos":"http:\/\/www.w3.org\/2004\/02\/skos\/core#","skos:broader":{"@type":"@id"},"skos:inScheme":{"@type":"@id"},"skos:related":{"@type":"@id"},"skos:narrower":{"@type":"@id"},"skos:hasTopConcept":{"@type":"@id"},"skos:topConceptOf":{"@type":"@id"}},"@id":"https:\/\/adm.senado.leg.br\/vcb\/vocab\/skos\/5525","@type":"skos:Concept","skos:prefLabel":{"@language":"pt-BR","@value=":"Cr\u00e9dito educativo"},"skos:inScheme":"https:\/\/adm.senado.leg.br\/vcb\/vocab\/","dct:created":"2020-09-18 17:43:17","skos:definition":[{"@lang":"ab","@value":"Programa do Governo Federal destinado a financiar estudos de n\u00edvel superior a alunos de renda familiar baixa. O aluno recebe empr\u00e9stimo para cobrir o valor real das anuidades da institui\u00e7\u00e3o privada que esteja frequentando ou para a sua manuten\u00e7\u00e3o. Ap\u00f3s a gradua\u00e7\u00e3o, tem um ano de prazo de car\u00eancia para iniciar a amortiza\u00e7\u00e3o.$vDUARTE, S\u00e9rgio Guerra. Dicion\u00e1rio brasileiro de educa\u00e7\u00e3o. Rio de Janeiro: Edi\u00e7\u00f5es Antares: Nobel, 1986. 175 p. "}],"skos:broader":["https:\/\/adm.senado.leg.br\/vcb\/vocab\/skos\/6261"],"skos:altLabel":[{"language":"pt-BR","value":"Bolsa de estudo reembols\u00e1vel"},{"language":"pt-BR","value":"Empr\u00e9stimo educativo"},{"language":"pt-BR","value":"Subs\u00eddio compensat\u00f3rio"},{"language":"pt-BR","value":"Subs\u00eddio educativo"}],"skos:related":["https:\/\/adm.senado.leg.br\/vcb\/vocab\/skos\/4515","https:\/\/adm.senado.leg.br\/vcb\/vocab\/skos\/2907","https:\/\/adm.senado.leg.br\/vcb\/vocab\/skos\/1608"]}