{"@context":{"dc":"http:\/\/purl.org\/dc\/elements\/1.1\/","skos":"http:\/\/www.w3.org\/2004\/02\/skos\/core#","skos:broader":{"@type":"@id"},"skos:inScheme":{"@type":"@id"},"skos:related":{"@type":"@id"},"skos:narrower":{"@type":"@id"},"skos:hasTopConcept":{"@type":"@id"},"skos:topConceptOf":{"@type":"@id"}},"@id":"https:\/\/adm.senado.leg.br\/vcb\/vocab\/skos\/553","@type":"skos:Concept","skos:prefLabel":{"@language":"pt-BR","@value=":"Ato processual"},"skos:inScheme":"https:\/\/adm.senado.leg.br\/vcb\/vocab\/","dct:created":"2020-09-18 17:42:58","skos:definition":[{"@lang":"pt-BR","@value":"S\u00e3o aqueles praticados pelos magistrados no exerc\u00edcio da respectiva fun\u00e7\u00e3o. S\u00e3o afinal, os atos processuais caracterizadores da fun\u00e7\u00e3o jurisdicional, como os despachos, as decis\u00f5es interlocut\u00f3rias e as senten\u00e7as.$vCOPOLA, Gina. A responsabilidade do Estado por atos jurisdicionais. [S.l: s.n., 2005] "}],"skos:editorialNote":[{"@lang":"ab","@value":"341.4631 "}],"skos:narrower":["https:\/\/adm.senado.leg.br\/vcb\/vocab\/skos\/908","https:\/\/adm.senado.leg.br\/vcb\/vocab\/skos\/28756","https:\/\/adm.senado.leg.br\/vcb\/vocab\/skos\/3256","https:\/\/adm.senado.leg.br\/vcb\/vocab\/skos\/4203","https:\/\/adm.senado.leg.br\/vcb\/vocab\/skos\/1919","https:\/\/adm.senado.leg.br\/vcb\/vocab\/skos\/7152","https:\/\/adm.senado.leg.br\/vcb\/vocab\/skos\/4151","https:\/\/adm.senado.leg.br\/vcb\/vocab\/skos\/1920","https:\/\/adm.senado.leg.br\/vcb\/vocab\/skos\/3087","https:\/\/adm.senado.leg.br\/vcb\/vocab\/skos\/4116","https:\/\/adm.senado.leg.br\/vcb\/vocab\/skos\/236","https:\/\/adm.senado.leg.br\/vcb\/vocab\/skos\/572","https:\/\/adm.senado.leg.br\/vcb\/vocab\/skos\/10750","https:\/\/adm.senado.leg.br\/vcb\/vocab\/skos\/4143","https:\/\/adm.senado.leg.br\/vcb\/vocab\/skos\/4152","https:\/\/adm.senado.leg.br\/vcb\/vocab\/skos\/11158","https:\/\/adm.senado.leg.br\/vcb\/vocab\/skos\/4154","https:\/\/adm.senado.leg.br\/vcb\/vocab\/skos\/4155","https:\/\/adm.senado.leg.br\/vcb\/vocab\/skos\/10429","https:\/\/adm.senado.leg.br\/vcb\/vocab\/skos\/23216","https:\/\/adm.senado.leg.br\/vcb\/vocab\/skos\/10686","https:\/\/adm.senado.leg.br\/vcb\/vocab\/skos\/542","https:\/\/adm.senado.leg.br\/vcb\/vocab\/skos\/575","https:\/\/adm.senado.leg.br\/vcb\/vocab\/skos\/561","https:\/\/adm.senado.leg.br\/vcb\/vocab\/skos\/605","https:\/\/adm.senado.leg.br\/vcb\/vocab\/skos\/4158"],"skos:broader":["https:\/\/adm.senado.leg.br\/vcb\/vocab\/skos\/349"],"skos:altLabel":[{"language":"pt-BR","value":"Ato do processo"},{"language":"pt-BR","value":"Ato judicial"},{"language":"pt-BR","value":"Ato judici\u00e1rio"},{"language":"pt-BR","value":"Ato jurisdicional"}],"skos:related":["https:\/\/adm.senado.leg.br\/vcb\/vocab\/skos\/4074","https:\/\/adm.senado.leg.br\/vcb\/vocab\/skos\/270","https:\/\/adm.senado.leg.br\/vcb\/vocab\/skos\/4142","https:\/\/adm.senado.leg.br\/vcb\/vocab\/skos\/4144","https:\/\/adm.senado.leg.br\/vcb\/vocab\/skos\/541","https:\/\/adm.senado.leg.br\/vcb\/vocab\/skos\/4145","https:\/\/adm.senado.leg.br\/vcb\/vocab\/skos\/4146","https:\/\/adm.senado.leg.br\/vcb\/vocab\/skos\/4147","https:\/\/adm.senado.leg.br\/vcb\/vocab\/skos\/4148","https:\/\/adm.senado.leg.br\/vcb\/vocab\/skos\/4149","https:\/\/adm.senado.leg.br\/vcb\/vocab\/skos\/560","https:\/\/adm.senado.leg.br\/vcb\/vocab\/skos\/4150"]}