{"@context":{"dc":"http:\/\/purl.org\/dc\/elements\/1.1\/","skos":"http:\/\/www.w3.org\/2004\/02\/skos\/core#","skos:broader":{"@type":"@id"},"skos:inScheme":{"@type":"@id"},"skos:related":{"@type":"@id"},"skos:narrower":{"@type":"@id"},"skos:hasTopConcept":{"@type":"@id"},"skos:topConceptOf":{"@type":"@id"}},"@id":"https:\/\/adm.senado.leg.br\/vcb\/vocab\/skos\/5530","@type":"skos:Concept","skos:prefLabel":{"@language":"pt-BR","@value=":"Ensino fundamental"},"skos:inScheme":"https:\/\/adm.senado.leg.br\/vcb\/vocab\/","dct:created":"2020-09-18 17:43:17","skos:definition":[{"@lang":"ab","@value":"N\u00edvel de ensino da Educa\u00e7\u00e3o B\u00e1sica regular, obrigat\u00f3rio e gratuito na escola p\u00fablica, que tem por objetivo a forma\u00e7\u00e3o b\u00e1sica do cidad\u00e3o; de acordo com a LDB, o Ensino Fundamental tem dura\u00e7\u00e3o de 8 (oito) anos, sendo ofertado para a faixa et\u00e1ria de 7 a 14 anos de idade, entretanto, mediante a reda\u00e7\u00e3o dada pela Lei n.\u00ba 11.274\/2006, passa a ter dura\u00e7\u00e3o de 9 (nove) anos e \u00e9 ofertado para a faixa-et\u00e1ria de 6 a 14 anos de idade.$vDISTRITO FEDERAL. Secretaria de Estado da Educa\u00e7\u00e3o. Gloss\u00e1rio da Educa\u00e7\u00e3o. Bras\u00edlia: SEEDF, 2013. (De olho na Educa\u00e7\u00e3o) "},{"@lang":"ab","@value":"Segunda etapa da educa\u00e7\u00e3o b\u00e1sica, definido na Lei Darcy Ribeiro de 20\/12\/1996 (Lei n. 9.394), que atualizou a Lei de Diretrizes e Bases da Educa\u00e7\u00e3o Nacional de 1961. Anteriormente denominava-se Ensino de Primeiro Grau. "}],"skos:narrower":["https:\/\/adm.senado.leg.br\/vcb\/vocab\/skos\/13243"],"skos:broader":["https:\/\/adm.senado.leg.br\/vcb\/vocab\/skos\/12663","https:\/\/adm.senado.leg.br\/vcb\/vocab\/skos\/9999"],"skos:altLabel":[{"language":"pt-BR","value":"Educa\u00e7\u00e3o fundamental"},{"language":"pt-BR","value":"Ensino b\u00e1sico"},{"language":"pt-BR","value":"Primeiro grau"}],"skos:related":["https:\/\/adm.senado.leg.br\/vcb\/vocab\/skos\/5520","https:\/\/adm.senado.leg.br\/vcb\/vocab\/skos\/7897","https:\/\/adm.senado.leg.br\/vcb\/vocab\/skos\/3948","https:\/\/adm.senado.leg.br\/vcb\/vocab\/skos\/5531","https:\/\/adm.senado.leg.br\/vcb\/vocab\/skos\/678","https:\/\/adm.senado.leg.br\/vcb\/vocab\/skos\/13244","https:\/\/adm.senado.leg.br\/vcb\/vocab\/skos\/12665","https:\/\/adm.senado.leg.br\/vcb\/vocab\/skos\/13260","https:\/\/adm.senado.leg.br\/vcb\/vocab\/skos\/2171","https:\/\/adm.senado.leg.br\/vcb\/vocab\/skos\/6602"]}