{"@context":{"dc":"http:\/\/purl.org\/dc\/elements\/1.1\/","skos":"http:\/\/www.w3.org\/2004\/02\/skos\/core#","skos:broader":{"@type":"@id"},"skos:inScheme":{"@type":"@id"},"skos:related":{"@type":"@id"},"skos:narrower":{"@type":"@id"},"skos:hasTopConcept":{"@type":"@id"},"skos:topConceptOf":{"@type":"@id"}},"@id":"https:\/\/adm.senado.leg.br\/vcb\/vocab\/skos\/557","@type":"skos:Concept","skos:prefLabel":{"@language":"pt-BR","@value=":"Preclus\u00e3o"},"skos:inScheme":"https:\/\/adm.senado.leg.br\/vcb\/vocab\/","dct:created":"2020-09-18 17:42:58","skos:definition":[{"@lang":"pt-BR","@value":"Perda, ou extin\u00e7\u00e3o, ou consuma\u00e7\u00e3o de uma faculdade processual que ocorre pelo fato: a) ou de n\u00e3o se ter observado a ordem assinalada na lei ao seu exerc\u00edcio, como os termos perempt\u00f3rios ou a sucess\u00e3o legal das atividades e das exce\u00e7\u00f5es; b) ou de se ter realizado uma atividade incompat\u00edvel com o exerc\u00edcio da faculdade, como a proposi\u00e7\u00e3o de uma exce\u00e7\u00e3o incompat\u00edvel com outra, ou a pr\u00e1tica de um ato incompat\u00edvel com a inten\u00e7\u00e3o de impugnar uma senten\u00e7a; c) ou de se ter j\u00e1 exercitado validamente a faculdade (consuma\u00e7\u00e3o propriamente dita).$vCHIOVENDA, Giuseppe. Istituzioni di diritto processuale civile "}],"skos:editorialNote":[{"@lang":"pt-BR","@value":"341.43 "},{"@lang":"pt-BR","@value":"341.46 "}],"skos:narrower":["https:\/\/adm.senado.leg.br\/vcb\/vocab\/skos\/22361","https:\/\/adm.senado.leg.br\/vcb\/vocab\/skos\/22378","https:\/\/adm.senado.leg.br\/vcb\/vocab\/skos\/22380","https:\/\/adm.senado.leg.br\/vcb\/vocab\/skos\/22362"],"skos:broader":["https:\/\/adm.senado.leg.br\/vcb\/vocab\/skos\/349"],"skos:altLabel":[{"language":"pt-BR","value":"Preclus\u00e3o (Direito processual)"}],"skos:related":["https:\/\/adm.senado.leg.br\/vcb\/vocab\/skos\/4146","https:\/\/adm.senado.leg.br\/vcb\/vocab\/skos\/10398","https:\/\/adm.senado.leg.br\/vcb\/vocab\/skos\/14696"]}