{"@context":{"dc":"http:\/\/purl.org\/dc\/elements\/1.1\/","skos":"http:\/\/www.w3.org\/2004\/02\/skos\/core#","skos:broader":{"@type":"@id"},"skos:inScheme":{"@type":"@id"},"skos:related":{"@type":"@id"},"skos:narrower":{"@type":"@id"},"skos:hasTopConcept":{"@type":"@id"},"skos:topConceptOf":{"@type":"@id"}},"@id":"https:\/\/adm.senado.leg.br\/vcb\/vocab\/skos\/56","@type":"skos:Concept","skos:prefLabel":{"@language":"pt-BR","@value=":"Educa\u00e7\u00e3o da crian\u00e7a"},"skos:inScheme":"https:\/\/adm.senado.leg.br\/vcb\/vocab\/","dct:created":"2020-09-18 17:42:56","skos:broader":["https:\/\/adm.senado.leg.br\/vcb\/vocab\/skos\/1951"],"skos:related":["https:\/\/adm.senado.leg.br\/vcb\/vocab\/skos\/11","https:\/\/adm.senado.leg.br\/vcb\/vocab\/skos\/8649","https:\/\/adm.senado.leg.br\/vcb\/vocab\/skos\/9576","https:\/\/adm.senado.leg.br\/vcb\/vocab\/skos\/29123","https:\/\/adm.senado.leg.br\/vcb\/vocab\/skos\/9667","https:\/\/adm.senado.leg.br\/vcb\/vocab\/skos\/12659"]}