{"@context":{"dc":"http:\/\/purl.org\/dc\/elements\/1.1\/","skos":"http:\/\/www.w3.org\/2004\/02\/skos\/core#","skos:broader":{"@type":"@id"},"skos:inScheme":{"@type":"@id"},"skos:related":{"@type":"@id"},"skos:narrower":{"@type":"@id"},"skos:hasTopConcept":{"@type":"@id"},"skos:topConceptOf":{"@type":"@id"}},"@id":"https:\/\/adm.senado.leg.br\/vcb\/vocab\/skos\/5636","@type":"skos:Concept","skos:prefLabel":{"@language":"pt-BR","@value=":"Cegueira"},"skos:inScheme":"https:\/\/adm.senado.leg.br\/vcb\/vocab\/","dct:created":"2020-09-18 17:43:18","skos:definition":[{"@lang":"ab","@value":"Incapacidade de enxergar ou aus\u00eancia da percep\u00e7\u00e3o visual. Esta afec\u00e7\u00e3o pode ser o resultado de doen\u00e7as oculares, doen\u00e7as do nervo \u00f3ptico, doen\u00e7as do quiasma \u00f3ptico ou doen\u00e7as cerebrais que afetam as vias visuais ou lobo occipital. "}],"skos:broader":["https:\/\/adm.senado.leg.br\/vcb\/vocab\/skos\/10528"],"skos:related":["https:\/\/adm.senado.leg.br\/vcb\/vocab\/skos\/1957","https:\/\/adm.senado.leg.br\/vcb\/vocab\/skos\/7335","https:\/\/adm.senado.leg.br\/vcb\/vocab\/skos\/12267","https:\/\/adm.senado.leg.br\/vcb\/vocab\/skos\/21213"]}