{"@context":{"dc":"http:\/\/purl.org\/dc\/elements\/1.1\/","skos":"http:\/\/www.w3.org\/2004\/02\/skos\/core#","skos:broader":{"@type":"@id"},"skos:inScheme":{"@type":"@id"},"skos:related":{"@type":"@id"},"skos:narrower":{"@type":"@id"},"skos:hasTopConcept":{"@type":"@id"},"skos:topConceptOf":{"@type":"@id"}},"@id":"https:\/\/adm.senado.leg.br\/vcb\/vocab\/skos\/5744","@type":"skos:Concept","skos:prefLabel":{"@language":"pt-BR","@value=":"Busca e apreens\u00e3o (processo penal)"},"skos:inScheme":"https:\/\/adm.senado.leg.br\/vcb\/vocab\/","dct:created":"2020-09-18 17:43:18","skos:definition":[{"@lang":"ab","@value":"A busca e apreens\u00e3o \u00e9 uma medida cautelar que tem como objetivo colher provas para o processo penal afim de se chegar \u00e0 verdade material.$uhttps:\/\/jus.com.br\/artigos\/64993\/busca-e-apreensao\/2 "}],"skos:editorialNote":[{"@lang":"ab","@value":"341.4347 "}],"skos:broader":["https:\/\/adm.senado.leg.br\/vcb\/vocab\/skos\/28706"],"skos:related":["https:\/\/adm.senado.leg.br\/vcb\/vocab\/skos\/10742","https:\/\/adm.senado.leg.br\/vcb\/vocab\/skos\/617","https:\/\/adm.senado.leg.br\/vcb\/vocab\/skos\/4154","https:\/\/adm.senado.leg.br\/vcb\/vocab\/skos\/23386"]}