{"@context":{"dc":"http:\/\/purl.org\/dc\/elements\/1.1\/","skos":"http:\/\/www.w3.org\/2004\/02\/skos\/core#","skos:broader":{"@type":"@id"},"skos:inScheme":{"@type":"@id"},"skos:related":{"@type":"@id"},"skos:narrower":{"@type":"@id"},"skos:hasTopConcept":{"@type":"@id"},"skos:topConceptOf":{"@type":"@id"}},"@id":"https:\/\/adm.senado.leg.br\/vcb\/vocab\/skos\/5798","@type":"skos:Concept","skos:prefLabel":{"@language":"pt-BR","@value=":"Habilita\u00e7\u00e3o de licitante"},"skos:inScheme":"https:\/\/adm.senado.leg.br\/vcb\/vocab\/","dct:created":"2020-09-18 17:43:18","skos:definition":[{"@lang":"ab","@value":"Dever da Administra\u00e7\u00e3o, ao realizar procedimentos licitat\u00f3rios, de exigir documentos de habilita\u00e7\u00e3o compat\u00edveis com o ramo do objeto licitado, especialmente aqueles que comprovem a qualifica\u00e7\u00e3o t\u00e9cnica e a capacidade econ\u00f4mico-financeira dos licitantes.$vBRASIL. Tribunal de Contas da Uni\u00e3o. Licita\u00e7\u00f5es e Contratos. 4. ed. Brasilia: TCU, 2010. p. 332 "}],"skos:editorialNote":[{"@lang":"pt-BR","@value":"341.3527 "}],"skos:narrower":["https:\/\/adm.senado.leg.br\/vcb\/vocab\/skos\/3896"],"skos:broader":["https:\/\/adm.senado.leg.br\/vcb\/vocab\/skos\/1078"],"skos:altLabel":[{"language":"pt-BR","value":"Habilita\u00e7\u00e3o de cons\u00f3rcio"},{"language":"pt-BR","value":"Habilita\u00e7\u00e3o de cooperativa"},{"language":"pt-BR","value":"Habilita\u00e7\u00e3o de licitantes"},{"language":"pt-BR","value":"Habilita\u00e7\u00e3o em convite"},{"language":"pt-BR","value":"Habilita\u00e7\u00e3o em licita\u00e7\u00e3o com objeto de natureza divis\u00edvel"},{"language":"pt-BR","value":"Habilita\u00e7\u00e3o em licita\u00e7\u00e3o internacional"},{"language":"pt-BR","value":"Habilita\u00e7\u00e3o em licita\u00e7\u00e3o por item"},{"language":"pt-BR","value":"Habilita\u00e7\u00e3o em preg\u00e3o"},{"language":"pt-BR","value":"Habilita\u00e7\u00e3o preliminar em concorr\u00eancia"},{"language":"pt-BR","value":"Qualifica\u00e7\u00e3o do licitante"}],"skos:related":["https:\/\/adm.senado.leg.br\/vcb\/vocab\/skos\/9580","https:\/\/adm.senado.leg.br\/vcb\/vocab\/skos\/6474","https:\/\/adm.senado.leg.br\/vcb\/vocab\/skos\/16041","https:\/\/adm.senado.leg.br\/vcb\/vocab\/skos\/16042","https:\/\/adm.senado.leg.br\/vcb\/vocab\/skos\/1079","https:\/\/adm.senado.leg.br\/vcb\/vocab\/skos\/5073","https:\/\/adm.senado.leg.br\/vcb\/vocab\/skos\/4730","https:\/\/adm.senado.leg.br\/vcb\/vocab\/skos\/1384","https:\/\/adm.senado.leg.br\/vcb\/vocab\/skos\/11989","https:\/\/adm.senado.leg.br\/vcb\/vocab\/skos\/16043","https:\/\/adm.senado.leg.br\/vcb\/vocab\/skos\/9670"]}