{"@context":{"dc":"http:\/\/purl.org\/dc\/elements\/1.1\/","skos":"http:\/\/www.w3.org\/2004\/02\/skos\/core#","skos:broader":{"@type":"@id"},"skos:inScheme":{"@type":"@id"},"skos:related":{"@type":"@id"},"skos:narrower":{"@type":"@id"},"skos:hasTopConcept":{"@type":"@id"},"skos:topConceptOf":{"@type":"@id"}},"@id":"https:\/\/adm.senado.leg.br\/vcb\/vocab\/skos\/581","@type":"skos:Concept","skos:prefLabel":{"@language":"pt-BR","@value=":"Controle social"},"skos:inScheme":"https:\/\/adm.senado.leg.br\/vcb\/vocab\/","dct:created":"2020-09-18 17:42:58","skos:definition":[{"@lang":"ab","@value":"1. processo pelo qual a sociedade procura garantir a obedi\u00eancia de seus membros aos padr\u00f5es de comportamento previstos em normas, que restringem sua liberdade, vigentes em dado momento hist\u00f3rico. 2. conjunto de meios, positivos ou negativos, de interven\u00e7\u00e3o, acionados pelo grupo social para que seus membros pautem suas condutas conforme as normas, e para restabelecer condi\u00e7\u00f5es de conforma\u00e7\u00e3o a uma mudan\u00e7a do sistema normativo (Garelli, A. K. Cohen, La Pierre e Gurvitch).$vDINIZ, Maria Helena. Dicion\u00e1rio Jur\u00eddico. 3\u00aa ed. S\u00e3o Paulo, Editora Saraiva, 2008 "}],"skos:narrower":["https:\/\/adm.senado.leg.br\/vcb\/vocab\/skos\/95","https:\/\/adm.senado.leg.br\/vcb\/vocab\/skos\/7206"],"skos:broader":["https:\/\/adm.senado.leg.br\/vcb\/vocab\/skos\/7199","https:\/\/adm.senado.leg.br\/vcb\/vocab\/skos\/2713"],"skos:altLabel":[{"language":"pt-BR","value":"Controle popular"}],"skos:related":["https:\/\/adm.senado.leg.br\/vcb\/vocab\/skos\/394","https:\/\/adm.senado.leg.br\/vcb\/vocab\/skos\/4229","https:\/\/adm.senado.leg.br\/vcb\/vocab\/skos\/2290","https:\/\/adm.senado.leg.br\/vcb\/vocab\/skos\/9280","https:\/\/adm.senado.leg.br\/vcb\/vocab\/skos\/1037","https:\/\/adm.senado.leg.br\/vcb\/vocab\/skos\/11873","https:\/\/adm.senado.leg.br\/vcb\/vocab\/skos\/140","https:\/\/adm.senado.leg.br\/vcb\/vocab\/skos\/4232","https:\/\/adm.senado.leg.br\/vcb\/vocab\/skos\/3766","https:\/\/adm.senado.leg.br\/vcb\/vocab\/skos\/9281","https:\/\/adm.senado.leg.br\/vcb\/vocab\/skos\/9282"]}