{"@context":{"dc":"http:\/\/purl.org\/dc\/elements\/1.1\/","skos":"http:\/\/www.w3.org\/2004\/02\/skos\/core#","skos:broader":{"@type":"@id"},"skos:inScheme":{"@type":"@id"},"skos:related":{"@type":"@id"},"skos:narrower":{"@type":"@id"},"skos:hasTopConcept":{"@type":"@id"},"skos:topConceptOf":{"@type":"@id"}},"@id":"https:\/\/adm.senado.leg.br\/vcb\/vocab\/skos\/5852","@type":"skos:Concept","skos:prefLabel":{"@language":"pt-BR","@value=":"Contrata\u00e7\u00e3o emergencial"},"skos:inScheme":"https:\/\/adm.senado.leg.br\/vcb\/vocab\/","dct:created":"2020-09-18 17:43:18","skos:definition":[{"@lang":"ab","@value":"Contrata\u00e7\u00e3o que deve servir somente para o atendimento de situa\u00e7\u00e3o emergencial ou calamitosa e para etapas ou parcelas de obras e servi\u00e7os que possam ser conclu\u00eddas no prazo m\u00e1ximo de 180 dias consecutivos e ininterruptos, contados da ocorr\u00eancia da emerg\u00eancia ou calamidade.$vBRASIL. Tribunal de Contas da Uni\u00e3o. Licita\u00e7\u00f5es e Contratos "}],"skos:broader":["https:\/\/adm.senado.leg.br\/vcb\/vocab\/skos\/8944"],"skos:altLabel":[{"language":"pt-BR","value":"Contrata\u00e7\u00e3o direta emergencial"},{"language":"pt-BR","value":"Contrata\u00e7\u00e3o em car\u00e1ter emergencial"},{"language":"pt-BR","value":"Contrato emergencial"},{"language":"pt-BR","value":"Dispensa de licita\u00e7\u00e3o por emerg\u00eancia"}],"skos:related":["https:\/\/adm.senado.leg.br\/vcb\/vocab\/skos\/753","https:\/\/adm.senado.leg.br\/vcb\/vocab\/skos\/8884","https:\/\/adm.senado.leg.br\/vcb\/vocab\/skos\/2015","https:\/\/adm.senado.leg.br\/vcb\/vocab\/skos\/5855"]}