{"@context":{"dc":"http:\/\/purl.org\/dc\/elements\/1.1\/","skos":"http:\/\/www.w3.org\/2004\/02\/skos\/core#","skos:broader":{"@type":"@id"},"skos:inScheme":{"@type":"@id"},"skos:related":{"@type":"@id"},"skos:narrower":{"@type":"@id"},"skos:hasTopConcept":{"@type":"@id"},"skos:topConceptOf":{"@type":"@id"}},"@id":"https:\/\/adm.senado.leg.br\/vcb\/vocab\/skos\/5855","@type":"skos:Concept","skos:prefLabel":{"@language":"pt-BR","@value=":"Estado de emerg\u00eancia"},"skos:inScheme":"https:\/\/adm.senado.leg.br\/vcb\/vocab\/","dct:created":"2020-09-18 17:43:18","skos:definition":[{"@lang":"ab","@value":"O estado de emerg\u00eancia \u00e9 um termo usado em situa\u00e7\u00f5es extraordin\u00e1rias e t\u00eam de ser declarada pelo governo, face \u00e0 uma amea\u00e7a direta que pode causar instabilidade no pa\u00eds. Geralmente, a regulamenta\u00e7\u00e3o para a sua declara\u00e7\u00e3o est\u00e1 na Constitui\u00e7\u00e3o de cada Estado, sendo declarado em casos de desastres naturais, crises financeiras ou econ\u00f4micas, situa\u00e7\u00f5es de guerra ou epidemias, como \u00e9 o caso do novo coronav\u00edrus.$uhttps:\/\/www.telessaude.unifesp.br\/index.php\/dno\/redes-sociais\/210-estado-de-emergencia-x-calamidade-publica$vTelessa\u00fade S\u00e3o Paulo "}],"skos:editorialNote":[{"@lang":"ab","@value":"341.277 "}],"skos:narrower":["https:\/\/adm.senado.leg.br\/vcb\/vocab\/skos\/12887"],"skos:broader":["https:\/\/adm.senado.leg.br\/vcb\/vocab\/skos\/651"],"skos:related":["https:\/\/adm.senado.leg.br\/vcb\/vocab\/skos\/12890","https:\/\/adm.senado.leg.br\/vcb\/vocab\/skos\/753","https:\/\/adm.senado.leg.br\/vcb\/vocab\/skos\/5852","https:\/\/adm.senado.leg.br\/vcb\/vocab\/skos\/6891","https:\/\/adm.senado.leg.br\/vcb\/vocab\/skos\/10586","https:\/\/adm.senado.leg.br\/vcb\/vocab\/skos\/756","https:\/\/adm.senado.leg.br\/vcb\/vocab\/skos\/2015","https:\/\/adm.senado.leg.br\/vcb\/vocab\/skos\/12270","https:\/\/adm.senado.leg.br\/vcb\/vocab\/skos\/5854","https:\/\/adm.senado.leg.br\/vcb\/vocab\/skos\/10445","https:\/\/adm.senado.leg.br\/vcb\/vocab\/skos\/12889","https:\/\/adm.senado.leg.br\/vcb\/vocab\/skos\/10511","https:\/\/adm.senado.leg.br\/vcb\/vocab\/skos\/25699"]}