{"@context":{"dc":"http:\/\/purl.org\/dc\/elements\/1.1\/","skos":"http:\/\/www.w3.org\/2004\/02\/skos\/core#","skos:broader":{"@type":"@id"},"skos:inScheme":{"@type":"@id"},"skos:related":{"@type":"@id"},"skos:narrower":{"@type":"@id"},"skos:hasTopConcept":{"@type":"@id"},"skos:topConceptOf":{"@type":"@id"}},"@id":"https:\/\/adm.senado.leg.br\/vcb\/vocab\/skos\/5869","@type":"skos:Concept","skos:prefLabel":{"@language":"pt-BR","@value=":"Indeniza\u00e7\u00e3o trabalhista"},"skos:inScheme":"https:\/\/adm.senado.leg.br\/vcb\/vocab\/","dct:created":"2020-09-18 17:43:18","skos:definition":[{"@lang":"ab","@value":"Verbas pagas ao trabalhador que sofre qualquer tipo de dano dentro da empresa (material ou moral) ou mesmo por uma situa\u00e7\u00e3o menos vantajosa para ele. O pagamento da verba visa reparar o problema, ameniz\u00e1-lo ou contornar a dificuldade.$uhttps:\/\/solutta.com\/blog\/verbas-indenizatorias-o-que-sao\/ "}],"skos:editorialNote":[{"@lang":"ab","@value":"342.6527 "}],"skos:narrower":["https:\/\/adm.senado.leg.br\/vcb\/vocab\/skos\/16540","https:\/\/adm.senado.leg.br\/vcb\/vocab\/skos\/12912"],"skos:broader":["https:\/\/adm.senado.leg.br\/vcb\/vocab\/skos\/597"],"skos:altLabel":[{"language":"pt-BR","value":"Indeniza\u00e7\u00e3o (direito do trabalho)"},{"language":"pt-BR","value":"Indeniza\u00e7\u00e3o aos trabalhadores"},{"language":"pt-BR","value":"Verba de car\u00e1ter indenizat\u00f3rio (direito do trabalho)"},{"language":"pt-BR","value":"Verba de natureza indenizat\u00f3ria (direito do trabalho)"},{"language":"pt-BR","value":"Verba indenizat\u00f3ria (direito do trabalho)"}],"skos:related":["https:\/\/adm.senado.leg.br\/vcb\/vocab\/skos\/960","https:\/\/adm.senado.leg.br\/vcb\/vocab\/skos\/10387","https:\/\/adm.senado.leg.br\/vcb\/vocab\/skos\/963","https:\/\/adm.senado.leg.br\/vcb\/vocab\/skos\/13082","https:\/\/adm.senado.leg.br\/vcb\/vocab\/skos\/29433"]}