{"@context":{"dc":"http:\/\/purl.org\/dc\/elements\/1.1\/","skos":"http:\/\/www.w3.org\/2004\/02\/skos\/core#","skos:broader":{"@type":"@id"},"skos:inScheme":{"@type":"@id"},"skos:related":{"@type":"@id"},"skos:narrower":{"@type":"@id"},"skos:hasTopConcept":{"@type":"@id"},"skos:topConceptOf":{"@type":"@id"}},"@id":"https:\/\/adm.senado.leg.br\/vcb\/vocab\/skos\/5888","@type":"skos:Concept","skos:prefLabel":{"@language":"pt-BR","@value=":"Ondas eletromagn\u00e9ticas"},"skos:inScheme":"https:\/\/adm.senado.leg.br\/vcb\/vocab\/","dct:created":"2020-09-18 17:43:18","skos:definition":[{"@lang":"ab","@value":"Tipo de onda\u00a0formada por um\u00a0campo el\u00e9trico\u00a0e outro\u00a0magn\u00e9tico\u00a0que s\u00e3o perpendiculares entre si e que se deslocam em uma dire\u00e7\u00e3o perpendicular \u00e0s duas primeiras.$uhttps:\/\/www.infoescola.com\/fisica\/ondas-eletromagneticas\/ "}],"skos:narrower":["https:\/\/adm.senado.leg.br\/vcb\/vocab\/skos\/5882","https:\/\/adm.senado.leg.br\/vcb\/vocab\/skos\/20007","https:\/\/adm.senado.leg.br\/vcb\/vocab\/skos\/18867","https:\/\/adm.senado.leg.br\/vcb\/vocab\/skos\/13142","https:\/\/adm.senado.leg.br\/vcb\/vocab\/skos\/16176","https:\/\/adm.senado.leg.br\/vcb\/vocab\/skos\/12827"],"skos:broader":["https:\/\/adm.senado.leg.br\/vcb\/vocab\/skos\/15215"],"skos:altLabel":[{"language":"pt-BR","value":"Energia eletromagn\u00e9tica"},{"language":"pt-BR","value":"Onda eletromagn\u00e9tica"},{"language":"pt-BR","value":"Radia\u00e7\u00e3o eletromagn\u00e9tica"}],"skos:related":["https:\/\/adm.senado.leg.br\/vcb\/vocab\/skos\/20358"]}