{"@context":{"dc":"http:\/\/purl.org\/dc\/elements\/1.1\/","skos":"http:\/\/www.w3.org\/2004\/02\/skos\/core#","skos:broader":{"@type":"@id"},"skos:inScheme":{"@type":"@id"},"skos:related":{"@type":"@id"},"skos:narrower":{"@type":"@id"},"skos:hasTopConcept":{"@type":"@id"},"skos:topConceptOf":{"@type":"@id"}},"@id":"https:\/\/adm.senado.leg.br\/vcb\/vocab\/skos\/5910","@type":"skos:Concept","skos:prefLabel":{"@language":"pt-BR","@value=":"Pol\u00edtica fiscal"},"skos:inScheme":"https:\/\/adm.senado.leg.br\/vcb\/vocab\/","dct:created":"2020-09-18 17:43:19","skos:definition":[{"@lang":"ab","@value":"Coordena\u00e7\u00e3o da tributa\u00e7\u00e3o, d\u00edvida p\u00fablica e despesas governamentais, com o objetivo de promover o desenvolvimento e a estabiliza\u00e7\u00e3o da economia. Opera, basicamente, atrav\u00e9s de tr\u00eas esquemas: via tributo sobre a renda e produ\u00e7\u00e3o, via incentivos e abatimentos fiscais.$vBRASIL. Secretaria do Tesouro Nacional. Gloss\u00e1rio. "}],"skos:narrower":["https:\/\/adm.senado.leg.br\/vcb\/vocab\/skos\/27491","https:\/\/adm.senado.leg.br\/vcb\/vocab\/skos\/2558","https:\/\/adm.senado.leg.br\/vcb\/vocab\/skos\/5451","https:\/\/adm.senado.leg.br\/vcb\/vocab\/skos\/2562","https:\/\/adm.senado.leg.br\/vcb\/vocab\/skos\/11777","https:\/\/adm.senado.leg.br\/vcb\/vocab\/skos\/2563","https:\/\/adm.senado.leg.br\/vcb\/vocab\/skos\/12109","https:\/\/adm.senado.leg.br\/vcb\/vocab\/skos\/22253","https:\/\/adm.senado.leg.br\/vcb\/vocab\/skos\/2564","https:\/\/adm.senado.leg.br\/vcb\/vocab\/skos\/8811","https:\/\/adm.senado.leg.br\/vcb\/vocab\/skos\/6074"],"skos:broader":["https:\/\/adm.senado.leg.br\/vcb\/vocab\/skos\/12533","https:\/\/adm.senado.leg.br\/vcb\/vocab\/skos\/15151"],"skos:altLabel":[{"language":"pt-BR","value":"Pol\u00edtica tribut\u00e1ria"}],"skos:related":["https:\/\/adm.senado.leg.br\/vcb\/vocab\/skos\/5906","https:\/\/adm.senado.leg.br\/vcb\/vocab\/skos\/1229","https:\/\/adm.senado.leg.br\/vcb\/vocab\/skos\/7674","https:\/\/adm.senado.leg.br\/vcb\/vocab\/skos\/5460","https:\/\/adm.senado.leg.br\/vcb\/vocab\/skos\/6290","https:\/\/adm.senado.leg.br\/vcb\/vocab\/skos\/10552","https:\/\/adm.senado.leg.br\/vcb\/vocab\/skos\/5133","https:\/\/adm.senado.leg.br\/vcb\/vocab\/skos\/15185","https:\/\/adm.senado.leg.br\/vcb\/vocab\/skos\/22252","https:\/\/adm.senado.leg.br\/vcb\/vocab\/skos\/8882","https:\/\/adm.senado.leg.br\/vcb\/vocab\/skos\/8443","https:\/\/adm.senado.leg.br\/vcb\/vocab\/skos\/2826","https:\/\/adm.senado.leg.br\/vcb\/vocab\/skos\/2116"]}