{"@context":{"dc":"http:\/\/purl.org\/dc\/elements\/1.1\/","skos":"http:\/\/www.w3.org\/2004\/02\/skos\/core#","skos:broader":{"@type":"@id"},"skos:inScheme":{"@type":"@id"},"skos:related":{"@type":"@id"},"skos:narrower":{"@type":"@id"},"skos:hasTopConcept":{"@type":"@id"},"skos:topConceptOf":{"@type":"@id"}},"@id":"https:\/\/adm.senado.leg.br\/vcb\/vocab\/skos\/593","@type":"skos:Concept","skos:prefLabel":{"@language":"pt-BR","@value=":"Medida cautelar"},"skos:inScheme":"https:\/\/adm.senado.leg.br\/vcb\/vocab\/","dct:created":"2020-09-18 17:42:58","skos:definition":[{"@lang":"ab","@value":"Medida processual adotada em caso de urg\u00eancia, de fundado receio de grave les\u00e3o ao er\u00e1rio, ao interesse p\u00fablico, ou de risco de inefic\u00e1cia da decis\u00e3o de m\u00e9rito. Sua ado\u00e7\u00e3o depende dos seguintes pressupostos: fuma\u00e7a do bom direito (fumus boni iuris), a saber, a plausibilidade jur\u00eddica, e o perigo da demora (periculum in mora).$vBRASIL. Tribunal de Contas da Uni\u00e3o. Gloss\u00e1rio de termos do controle externo "}],"skos:editorialNote":[{"@lang":"ab","@value":"341.466 "}],"skos:narrower":["https:\/\/adm.senado.leg.br\/vcb\/vocab\/skos\/3370","https:\/\/adm.senado.leg.br\/vcb\/vocab\/skos\/5742","https:\/\/adm.senado.leg.br\/vcb\/vocab\/skos\/5060","https:\/\/adm.senado.leg.br\/vcb\/vocab\/skos\/4831","https:\/\/adm.senado.leg.br\/vcb\/vocab\/skos\/20355","https:\/\/adm.senado.leg.br\/vcb\/vocab\/skos\/20356","https:\/\/adm.senado.leg.br\/vcb\/vocab\/skos\/4155","https:\/\/adm.senado.leg.br\/vcb\/vocab\/skos\/20357","https:\/\/adm.senado.leg.br\/vcb\/vocab\/skos\/3372"],"skos:broader":["https:\/\/adm.senado.leg.br\/vcb\/vocab\/skos\/555","https:\/\/adm.senado.leg.br\/vcb\/vocab\/skos\/20354"],"skos:altLabel":[{"language":"pt-BR","value":"Cautelar"},{"language":"pt-BR","value":"Decreto cautelar"},{"language":"pt-BR","value":"Medida acauteladora"},{"language":"pt-BR","value":"Medida acautelat\u00f3ria"},{"language":"pt-BR","value":"Medida preventiva"},{"language":"pt-BR","value":"Provimento cautelar"},{"language":"pt-BR","value":"Tutela cautelar"}],"skos:related":["https:\/\/adm.senado.leg.br\/vcb\/vocab\/skos\/359","https:\/\/adm.senado.leg.br\/vcb\/vocab\/skos\/539","https:\/\/adm.senado.leg.br\/vcb\/vocab\/skos\/1509","https:\/\/adm.senado.leg.br\/vcb\/vocab\/skos\/1652","https:\/\/adm.senado.leg.br\/vcb\/vocab\/skos\/2095","https:\/\/adm.senado.leg.br\/vcb\/vocab\/skos\/3368","https:\/\/adm.senado.leg.br\/vcb\/vocab\/skos\/6470","https:\/\/adm.senado.leg.br\/vcb\/vocab\/skos\/15473","https:\/\/adm.senado.leg.br\/vcb\/vocab\/skos\/15474","https:\/\/adm.senado.leg.br\/vcb\/vocab\/skos\/15475","https:\/\/adm.senado.leg.br\/vcb\/vocab\/skos\/559","https:\/\/adm.senado.leg.br\/vcb\/vocab\/skos\/24344","https:\/\/adm.senado.leg.br\/vcb\/vocab\/skos\/19409","https:\/\/adm.senado.leg.br\/vcb\/vocab\/skos\/532"]}