{"@context":{"dc":"http:\/\/purl.org\/dc\/elements\/1.1\/","skos":"http:\/\/www.w3.org\/2004\/02\/skos\/core#","skos:broader":{"@type":"@id"},"skos:inScheme":{"@type":"@id"},"skos:related":{"@type":"@id"},"skos:narrower":{"@type":"@id"},"skos:hasTopConcept":{"@type":"@id"},"skos:topConceptOf":{"@type":"@id"}},"@id":"https:\/\/adm.senado.leg.br\/vcb\/vocab\/skos\/5955","@type":"skos:Concept","skos:prefLabel":{"@language":"pt-BR","@value=":"Pr\u00e1tica pol\u00edtica"},"skos:inScheme":"https:\/\/adm.senado.leg.br\/vcb\/vocab\/","dct:created":"2020-09-18 17:43:19","skos:scopeNote":[{"@lang":"pt-BR","@value":"Usar para trabalhos sobre\u00a0 as pr\u00e1ticas e m\u00e9todos pol\u00edticos usados no trabalho de partidos pol\u00edticos, propaganda eleitoral etc. "}],"skos:editorialNote":[{"@lang":"ab","@value":"341.28492 "}],"skos:narrower":["https:\/\/adm.senado.leg.br\/vcb\/vocab\/skos\/13874","https:\/\/adm.senado.leg.br\/vcb\/vocab\/skos\/29595"],"skos:broader":["https:\/\/adm.senado.leg.br\/vcb\/vocab\/skos\/2705"],"skos:related":["https:\/\/adm.senado.leg.br\/vcb\/vocab\/skos\/3969","https:\/\/adm.senado.leg.br\/vcb\/vocab\/skos\/3960","https:\/\/adm.senado.leg.br\/vcb\/vocab\/skos\/15140"]}