{"@context":{"dc":"http:\/\/purl.org\/dc\/elements\/1.1\/","skos":"http:\/\/www.w3.org\/2004\/02\/skos\/core#","skos:broader":{"@type":"@id"},"skos:inScheme":{"@type":"@id"},"skos:related":{"@type":"@id"},"skos:narrower":{"@type":"@id"},"skos:hasTopConcept":{"@type":"@id"},"skos:topConceptOf":{"@type":"@id"}},"@id":"https:\/\/adm.senado.leg.br\/vcb\/vocab\/skos\/5960","@type":"skos:Concept","skos:prefLabel":{"@language":"pt-BR","@value=":"Pesquisa eleitoral"},"skos:inScheme":"https:\/\/adm.senado.leg.br\/vcb\/vocab\/","dct:created":"2020-09-18 17:43:19","skos:editorialNote":[{"@lang":"ab","@value":"341.28 "}],"skos:narrower":["https:\/\/adm.senado.leg.br\/vcb\/vocab\/skos\/6025"],"skos:broader":["https:\/\/adm.senado.leg.br\/vcb\/vocab\/skos\/3969"],"skos:altLabel":[{"language":"pt-BR","value":"Elei\u00e7\u00e3o, pesquisa"},{"language":"pt-BR","value":"Elei\u00e7\u00f5es, pesquisa"}],"skos:related":["https:\/\/adm.senado.leg.br\/vcb\/vocab\/skos\/7932","https:\/\/adm.senado.leg.br\/vcb\/vocab\/skos\/9918","https:\/\/adm.senado.leg.br\/vcb\/vocab\/skos\/2120"]}