{"@context":{"dc":"http:\/\/purl.org\/dc\/elements\/1.1\/","skos":"http:\/\/www.w3.org\/2004\/02\/skos\/core#","skos:broader":{"@type":"@id"},"skos:inScheme":{"@type":"@id"},"skos:related":{"@type":"@id"},"skos:narrower":{"@type":"@id"},"skos:hasTopConcept":{"@type":"@id"},"skos:topConceptOf":{"@type":"@id"}},"@id":"https:\/\/adm.senado.leg.br\/vcb\/vocab\/skos\/6056","@type":"skos:Concept","skos:prefLabel":{"@language":"pt-BR","@value=":"Responsabilidade tribut\u00e1ria"},"skos:inScheme":"https:\/\/adm.senado.leg.br\/vcb\/vocab\/","dct:created":"2020-09-18 17:43:19","skos:definition":[{"@lang":"pt-BR","@value":"Em direito\u00a0tribut\u00e1rio, a\u00a0responsabilidade tribut\u00e1ria\u00a0\u00e9 daquele que, sem se revestir na qualidade de contribuinte, possui o dever legal de recolher\u00a0tributos em nome deste. Assim, a obriga\u00e7\u00e3o \u00e9 redirecionada a um terceiro que possua rela\u00e7\u00e3o indireta com o fato gerador praticado pelo contribuinte.$uhttps:\/\/www.aurum.com.br\/blog\/responsabilidade-tributaria\/#:~:text=Em%20direito%20tribut%C3%A1rio%2C%20a%20responsabilidade,fato%20gerador%20praticado%20pelo%20contribuinte. "}],"skos:editorialNote":[{"@lang":"ab","@value":"341.39341 "}],"skos:broader":["https:\/\/adm.senado.leg.br\/vcb\/vocab\/skos\/21189"],"skos:related":["https:\/\/adm.senado.leg.br\/vcb\/vocab\/skos\/6052","https:\/\/adm.senado.leg.br\/vcb\/vocab\/skos\/10386","https:\/\/adm.senado.leg.br\/vcb\/vocab\/skos\/30032","https:\/\/adm.senado.leg.br\/vcb\/vocab\/skos\/11468","https:\/\/adm.senado.leg.br\/vcb\/vocab\/skos\/6055","https:\/\/adm.senado.leg.br\/vcb\/vocab\/skos\/24800"]}