{"@context":{"dc":"http:\/\/purl.org\/dc\/elements\/1.1\/","skos":"http:\/\/www.w3.org\/2004\/02\/skos\/core#","skos:broader":{"@type":"@id"},"skos:inScheme":{"@type":"@id"},"skos:related":{"@type":"@id"},"skos:narrower":{"@type":"@id"},"skos:hasTopConcept":{"@type":"@id"},"skos:topConceptOf":{"@type":"@id"}},"@id":"https:\/\/adm.senado.leg.br\/vcb\/vocab\/skos\/6063","@type":"skos:Concept","skos:prefLabel":{"@language":"pt-BR","@value=":"Maioridade"},"skos:inScheme":"https:\/\/adm.senado.leg.br\/vcb\/vocab\/","dct:created":"2020-09-18 17:43:19","skos:definition":[{"@lang":"ab","@value":"Idade m\u00ednima estabelecida por lei que determina quando um indiv\u00edduo passa a ser respons\u00e1vel por seus atos, tendo tamb\u00e9m obriga\u00e7\u00f5es e direitos civis completos.$vo que \u00e9 maioridade? "}],"skos:editorialNote":[{"@lang":"ab","@value":"342.1155 "}],"skos:narrower":["https:\/\/adm.senado.leg.br\/vcb\/vocab\/skos\/6049","https:\/\/adm.senado.leg.br\/vcb\/vocab\/skos\/18879"],"skos:broader":["https:\/\/adm.senado.leg.br\/vcb\/vocab\/skos\/6059"],"skos:related":["https:\/\/adm.senado.leg.br\/vcb\/vocab\/skos\/6060","https:\/\/adm.senado.leg.br\/vcb\/vocab\/skos\/6050"]}