{"@context":{"dc":"http:\/\/purl.org\/dc\/elements\/1.1\/","skos":"http:\/\/www.w3.org\/2004\/02\/skos\/core#","skos:broader":{"@type":"@id"},"skos:inScheme":{"@type":"@id"},"skos:related":{"@type":"@id"},"skos:narrower":{"@type":"@id"},"skos:hasTopConcept":{"@type":"@id"},"skos:topConceptOf":{"@type":"@id"}},"@id":"https:\/\/adm.senado.leg.br\/vcb\/vocab\/skos\/6074","@type":"skos:Concept","skos:prefLabel":{"@language":"pt-BR","@value=":"Tributa\u00e7\u00e3o"},"skos:inScheme":"https:\/\/adm.senado.leg.br\/vcb\/vocab\/","dct:created":"2020-09-18 17:43:19","skos:definition":[{"@lang":"ab","@value":"A\u00e7\u00e3o e efeito de tributar, em que se incluem todas a verbas para a forma\u00e7\u00e3o da receita p\u00fablica. "}],"skos:editorialNote":[{"@lang":"pt-BR","@value":"341.396 "}],"skos:narrower":["https:\/\/adm.senado.leg.br\/vcb\/vocab\/skos\/3925","https:\/\/adm.senado.leg.br\/vcb\/vocab\/skos\/28495"],"skos:broader":["https:\/\/adm.senado.leg.br\/vcb\/vocab\/skos\/7473","https:\/\/adm.senado.leg.br\/vcb\/vocab\/skos\/5910"],"skos:related":["https:\/\/adm.senado.leg.br\/vcb\/vocab\/skos\/1228","https:\/\/adm.senado.leg.br\/vcb\/vocab\/skos\/6072","https:\/\/adm.senado.leg.br\/vcb\/vocab\/skos\/29761","https:\/\/adm.senado.leg.br\/vcb\/vocab\/skos\/7865","https:\/\/adm.senado.leg.br\/vcb\/vocab\/skos\/2564"]}