{"@context":{"dc":"http:\/\/purl.org\/dc\/elements\/1.1\/","skos":"http:\/\/www.w3.org\/2004\/02\/skos\/core#","skos:broader":{"@type":"@id"},"skos:inScheme":{"@type":"@id"},"skos:related":{"@type":"@id"},"skos:narrower":{"@type":"@id"},"skos:hasTopConcept":{"@type":"@id"},"skos:topConceptOf":{"@type":"@id"}},"@id":"https:\/\/adm.senado.leg.br\/vcb\/vocab\/skos\/612","@type":"skos:Concept","skos:prefLabel":{"@language":"pt-BR","@value=":"Assist\u00eancia social"},"skos:inScheme":"https:\/\/adm.senado.leg.br\/vcb\/vocab\/","dct:created":"2020-09-18 17:42:58","skos:definition":[{"@lang":"ab","@value":"Pol\u00edtica social que prov\u00ea o atendimento das necessidades b\u00e1sicas, traduzidas em prote\u00e7\u00e3o \u00e0 fam\u00edlia, \u00e0 maternidade, \u00e0 inf\u00e2ncia, \u00e0 adolesc\u00eancia, \u00e0 velhice e \u00e0 pessoa portadora de defici\u00eancia, independentemente de contribui\u00e7\u00e3o \u00e0 seguridade social.$vBRASIL. Decreto n. 3048, de 06 de maio de 1999 "}],"skos:narrower":["https:\/\/adm.senado.leg.br\/vcb\/vocab\/skos\/3631","https:\/\/adm.senado.leg.br\/vcb\/vocab\/skos\/3687","https:\/\/adm.senado.leg.br\/vcb\/vocab\/skos\/3729","https:\/\/adm.senado.leg.br\/vcb\/vocab\/skos\/3730","https:\/\/adm.senado.leg.br\/vcb\/vocab\/skos\/4998"],"skos:broader":["https:\/\/adm.senado.leg.br\/vcb\/vocab\/skos\/3728"],"skos:altLabel":[{"language":"pt-BR","value":"Benefic\u00eancia"},{"language":"pt-BR","value":"Prote\u00e7\u00e3o social"}],"skos:related":["https:\/\/adm.senado.leg.br\/vcb\/vocab\/skos\/611","https:\/\/adm.senado.leg.br\/vcb\/vocab\/skos\/1344","https:\/\/adm.senado.leg.br\/vcb\/vocab\/skos\/3719","https:\/\/adm.senado.leg.br\/vcb\/vocab\/skos\/3720","https:\/\/adm.senado.leg.br\/vcb\/vocab\/skos\/3900","https:\/\/adm.senado.leg.br\/vcb\/vocab\/skos\/3722","https:\/\/adm.senado.leg.br\/vcb\/vocab\/skos\/3723","https:\/\/adm.senado.leg.br\/vcb\/vocab\/skos\/681","https:\/\/adm.senado.leg.br\/vcb\/vocab\/skos\/3724","https:\/\/adm.senado.leg.br\/vcb\/vocab\/skos\/47","https:\/\/adm.senado.leg.br\/vcb\/vocab\/skos\/615","https:\/\/adm.senado.leg.br\/vcb\/vocab\/skos\/337","https:\/\/adm.senado.leg.br\/vcb\/vocab\/skos\/3725","https:\/\/adm.senado.leg.br\/vcb\/vocab\/skos\/17","https:\/\/adm.senado.leg.br\/vcb\/vocab\/skos\/3804","https:\/\/adm.senado.leg.br\/vcb\/vocab\/skos\/2177","https:\/\/adm.senado.leg.br\/vcb\/vocab\/skos\/2178","https:\/\/adm.senado.leg.br\/vcb\/vocab\/skos\/3726","https:\/\/adm.senado.leg.br\/vcb\/vocab\/skos\/1724","https:\/\/adm.senado.leg.br\/vcb\/vocab\/skos\/785","https:\/\/adm.senado.leg.br\/vcb\/vocab\/skos\/3727","https:\/\/adm.senado.leg.br\/vcb\/vocab\/skos\/3634"]}