{"@context":{"dc":"http:\/\/purl.org\/dc\/elements\/1.1\/","skos":"http:\/\/www.w3.org\/2004\/02\/skos\/core#","skos:broader":{"@type":"@id"},"skos:inScheme":{"@type":"@id"},"skos:related":{"@type":"@id"},"skos:narrower":{"@type":"@id"},"skos:hasTopConcept":{"@type":"@id"},"skos:topConceptOf":{"@type":"@id"}},"@id":"https:\/\/adm.senado.leg.br\/vcb\/vocab\/skos\/6182","@type":"skos:Concept","skos:prefLabel":{"@language":"pt-BR","@value=":"Par\u00e2metros curriculares nacionais"},"skos:inScheme":"https:\/\/adm.senado.leg.br\/vcb\/vocab\/","dct:created":"2020-09-18 17:43:20","skos:definition":[{"@lang":"ab","@value":"Estabelecem a carga hor\u00e1ria m\u00ednima, os conte\u00fados curriculares m\u00ednimos, as habilita\u00e7\u00f5es e compet\u00eancias b\u00e1sicas e o tratamento de temas transversais necess\u00e1rios para a forma\u00e7\u00e3o integral do aluno.$vTHESAURUS Brasileiro de Educa\u00e7\u00e3o. "}],"skos:narrower":["https:\/\/adm.senado.leg.br\/vcb\/vocab\/skos\/3947"],"skos:broader":["https:\/\/adm.senado.leg.br\/vcb\/vocab\/skos\/1951"],"skos:altLabel":[{"language":"pt-BR","value":"PCN (educa\u00e7\u00e3o)"}],"skos:related":["https:\/\/adm.senado.leg.br\/vcb\/vocab\/skos\/2568","https:\/\/adm.senado.leg.br\/vcb\/vocab\/skos\/7897","https:\/\/adm.senado.leg.br\/vcb\/vocab\/skos\/6181","https:\/\/adm.senado.leg.br\/vcb\/vocab\/skos\/10171"]}