{"@context":{"dc":"http:\/\/purl.org\/dc\/elements\/1.1\/","skos":"http:\/\/www.w3.org\/2004\/02\/skos\/core#","skos:broader":{"@type":"@id"},"skos:inScheme":{"@type":"@id"},"skos:related":{"@type":"@id"},"skos:narrower":{"@type":"@id"},"skos:hasTopConcept":{"@type":"@id"},"skos:topConceptOf":{"@type":"@id"}},"@id":"https:\/\/adm.senado.leg.br\/vcb\/vocab\/skos\/6192","@type":"skos:Concept","skos:prefLabel":{"@language":"pt-BR","@value=":"Reitor"},"skos:inScheme":"https:\/\/adm.senado.leg.br\/vcb\/vocab\/","dct:created":"2020-09-18 17:43:20","skos:definition":[{"@lang":"ab","@value":"Autoridade executiva suprema da universidade. Executivo superior respons\u00e1vel pela coordena\u00e7\u00e3o, fiscaliza\u00e7\u00e3o e superintend\u00eancia das atividades da universidade, tarefas que exerce com o aux\u00edlio do Vice-Reitor e dos Pr\u00f3-Reitores.$vTHESAURUS Brasileiro de Educa\u00e7\u00e3o. "}],"skos:broader":["https:\/\/adm.senado.leg.br\/vcb\/vocab\/skos\/1623","https:\/\/adm.senado.leg.br\/vcb\/vocab\/skos\/11907"],"skos:related":["https:\/\/adm.senado.leg.br\/vcb\/vocab\/skos\/10203","https:\/\/adm.senado.leg.br\/vcb\/vocab\/skos\/22698","https:\/\/adm.senado.leg.br\/vcb\/vocab\/skos\/22699","https:\/\/adm.senado.leg.br\/vcb\/vocab\/skos\/1536","https:\/\/adm.senado.leg.br\/vcb\/vocab\/skos\/15166","https:\/\/adm.senado.leg.br\/vcb\/vocab\/skos\/9562"]}