{"@context":{"dc":"http:\/\/purl.org\/dc\/elements\/1.1\/","skos":"http:\/\/www.w3.org\/2004\/02\/skos\/core#","skos:broader":{"@type":"@id"},"skos:inScheme":{"@type":"@id"},"skos:related":{"@type":"@id"},"skos:narrower":{"@type":"@id"},"skos:hasTopConcept":{"@type":"@id"},"skos:topConceptOf":{"@type":"@id"}},"@id":"https:\/\/adm.senado.leg.br\/vcb\/vocab\/skos\/6316","@type":"skos:Concept","skos:prefLabel":{"@language":"pt-BR","@value=":"Racionalismo"},"skos:inScheme":"https:\/\/adm.senado.leg.br\/vcb\/vocab\/","dct:created":"2020-09-18 17:43:21","skos:definition":[{"@lang":"ab","@value":"O\u00a0racionalismo\u00a0\u00e9 a corrente\u00a0filos\u00f3fica\u00a0que iniciou com a defini\u00e7\u00e3o do\u00a0racioc\u00ednio\u00a0como uma opera\u00e7\u00e3o mental, discursiva e\u00a0l\u00f3gica\u00a0que usa uma ou mais\u00a0proposi\u00e7\u00f5es\u00a0para extrair conclus\u00f5es, ou seja, se uma ou outra proposi\u00e7\u00e3o \u00e9 verdadeira, falsa ou prov\u00e1vel. Essa era a ideia central comum ao conjunto de\u00a0doutrinas\u00a0conhecidas tradicionalmente como racionalismo. O racionalismo \u00e9 em parte, a base da\u00a0Filosofia, ao priorizar a\u00a0raz\u00e3o\u00a0como o caminho para se alcan\u00e7ar a\u00a0verdade.$vWikipedia "}],"skos:narrower":["https:\/\/adm.senado.leg.br\/vcb\/vocab\/skos\/12401","https:\/\/adm.senado.leg.br\/vcb\/vocab\/skos\/15133","https:\/\/adm.senado.leg.br\/vcb\/vocab\/skos\/6046","https:\/\/adm.senado.leg.br\/vcb\/vocab\/skos\/15110","https:\/\/adm.senado.leg.br\/vcb\/vocab\/skos\/12417","https:\/\/adm.senado.leg.br\/vcb\/vocab\/skos\/19970","https:\/\/adm.senado.leg.br\/vcb\/vocab\/skos\/12652"],"skos:broader":["https:\/\/adm.senado.leg.br\/vcb\/vocab\/skos\/2548","https:\/\/adm.senado.leg.br\/vcb\/vocab\/skos\/2697"],"skos:altLabel":[{"language":"pt-BR","value":"Racionalismo e pol\u00edtica"}],"skos:related":["https:\/\/adm.senado.leg.br\/vcb\/vocab\/skos\/6315","https:\/\/adm.senado.leg.br\/vcb\/vocab\/skos\/6755","https:\/\/adm.senado.leg.br\/vcb\/vocab\/skos\/3384","https:\/\/adm.senado.leg.br\/vcb\/vocab\/skos\/13394","https:\/\/adm.senado.leg.br\/vcb\/vocab\/skos\/15120","https:\/\/adm.senado.leg.br\/vcb\/vocab\/skos\/25403"]}