{"@context":{"dc":"http:\/\/purl.org\/dc\/elements\/1.1\/","skos":"http:\/\/www.w3.org\/2004\/02\/skos\/core#","skos:broader":{"@type":"@id"},"skos:inScheme":{"@type":"@id"},"skos:related":{"@type":"@id"},"skos:narrower":{"@type":"@id"},"skos:hasTopConcept":{"@type":"@id"},"skos:topConceptOf":{"@type":"@id"}},"@id":"https:\/\/adm.senado.leg.br\/vcb\/vocab\/skos\/6331","@type":"skos:Concept","skos:prefLabel":{"@language":"pt-BR","@value=":"Usina termel\u00e9trica"},"skos:inScheme":"https:\/\/adm.senado.leg.br\/vcb\/vocab\/","dct:created":"2020-09-18 17:43:21","skos:definition":[{"@lang":"ab","@value":"Instala\u00e7\u00f5es e equipamentos destinados \u00e0 transforma\u00e7\u00e3o da energia calor\u00edfica de combust\u00edveis em energia el\u00e9trica.$vBRASIL. Decreto n\u00ba 8.437, de 22 de abril de 2015. "}],"skos:narrower":["https:\/\/adm.senado.leg.br\/vcb\/vocab\/skos\/13145"],"skos:broader":["https:\/\/adm.senado.leg.br\/vcb\/vocab\/skos\/25836"],"skos:altLabel":[{"language":"pt-BR","value":"Central termel\u00e9trica"},{"language":"pt-BR","value":"Central termoel\u00e9ctrica"},{"language":"pt-BR","value":"Termel\u00e9trica"},{"language":"pt-BR","value":"Termoel\u00e9trica"},{"language":"pt-BR","value":"Usina termoel\u00e9trica"}],"skos:related":["https:\/\/adm.senado.leg.br\/vcb\/vocab\/skos\/6333","https:\/\/adm.senado.leg.br\/vcb\/vocab\/skos\/8723","https:\/\/adm.senado.leg.br\/vcb\/vocab\/skos\/6179","https:\/\/adm.senado.leg.br\/vcb\/vocab\/skos\/1563","https:\/\/adm.senado.leg.br\/vcb\/vocab\/skos\/6329","https:\/\/adm.senado.leg.br\/vcb\/vocab\/skos\/3050","https:\/\/adm.senado.leg.br\/vcb\/vocab\/skos\/2944","https:\/\/adm.senado.leg.br\/vcb\/vocab\/skos\/7634","https:\/\/adm.senado.leg.br\/vcb\/vocab\/skos\/7616","https:\/\/adm.senado.leg.br\/vcb\/vocab\/skos\/4718","https:\/\/adm.senado.leg.br\/vcb\/vocab\/skos\/13117","https:\/\/adm.senado.leg.br\/vcb\/vocab\/skos\/25847"]}